{"id":21790,"date":"2014-07-31T16:13:31","date_gmt":"2014-07-31T21:13:31","guid":{"rendered":"http:\/\/www.ambiente.gob.ec\/?p=21790"},"modified":"2014-07-31T16:13:31","modified_gmt":"2014-07-31T21:13:31","slug":"plan-de-prevencion-y-control-de-incendios-forestales-fue-socializado-en-imbabura","status":"publish","type":"post","link":"https:\/\/www.ambienteyenergia.gob.ec\/ambiente\/plan-de-prevencion-y-control-de-incendios-forestales-fue-socializado-en-imbabura\/","title":{"rendered":"Plan de prevenci\u00f3n y control de incendios forestales fue socializado en Imbabura"},"content":{"rendered":"<p style=\"text-align: justify;\">El Ministerio del Ambiente contin\u00faa socializando el plan de contingencia de incendios forestales en la provincia de Imbabura, con el fin de evitar desastres naturales y la p\u00e9rdida importante de flora y fauna.<\/p>\n<p style=\"text-align: justify;\">\n<p style=\"text-align: justify;\">Por ello, el domingo, 27 de julio de 2014, funcionarios de la Reserva Ecol\u00f3gica Cotacachi Cayapas participaron en la asamblea comunitaria de EL Cercado, cant\u00f3n Cotacachi. En donde se pudo socializar el Plan de prevenci\u00f3n y control de incendios forestales periodo 2014.<\/p>\n<p style=\"text-align: justify;\">\n<p style=\"text-align: justify;\">La charla se realiz\u00f3 en kichwa y castellano y los temas tratados fueron antecedentes de incendios a\u00f1o 2013 (an\u00e1lisis), prevenci\u00f3n, extinci\u00f3n y restauraci\u00f3n de las zonas afectadas, adem\u00e1s las sanciones seg\u00fan las leyes vigentes de recursos naturales.<\/p>\n<p style=\"text-align: justify;\">\n<p style=\"text-align: justify;\">Al evento asistieron 250 jefes de familias de las comunidades; autoridades cantonales como el Alcalde de Cotacachi, Jomar Cevallos y personal del Cuerpo de Bomberos de Cotacachi, entre otros.<\/p>\n<p style=\"text-align: justify;\">\n<p style=\"text-align: justify;\">Asimismo, el 28 de julio, en el Coliseo de la Parroquia de Pe\u00f1aherrea del cant\u00f3n Cotacahi, 73 participantes de las comunidades y concejos estudiantiles fueron capacitados, con el prop\u00f3sito de que repliquen estos conocimientos en sus hogares y establecimientos educativos con el apoyo del personal del MAE, gobiernos parroquiales y tenencias pol\u00edticas.<\/p>\n<p style=\"text-align: justify;\">\n<p style=\"text-align: justify;\">El 29 de julio, como parte de esta jornada de educaci\u00f3n ambiental y en coordinaci\u00f3n con el Municipio de San Miguel de Urcuqu\u00ed, el MAE convoc\u00f3 a dirigentes de organismos locales, autoridades seccionales y dem\u00e1s grupos vinculados a la Reserva Ecol\u00f3gica Cotacachi Cayapas para conocer m\u00e1s sobre la importancia de proteger los bosques y p\u00e1ramos de los incendios forestales.<\/p>\n","protected":false},"excerpt":{"rendered":"<p class=\"excerpt\">El Ministerio del Ambiente contin\u00faa socializando el plan de contingencia de incendios forestales en la provincia de Imbabura, con el fin de evitar desastres naturales y la p\u00e9rdida importante de flora y fauna. Por ello, el domingo, 27 de julio de 2014, funcionarios de la Reserva Ecol\u00f3gica Cotacachi Cayapas participaron en la asamblea comunitaria de EL Cercado, cant\u00f3n Cotacachi. En&hellip; <a href=\"https:\/\/www.ambienteyenergia.gob.ec\/ambiente\/plan-de-prevencion-y-control-de-incendios-forestales-fue-socializado-en-imbabura\/\">Read more &rarr;<\/a><\/p>\n","protected":false},"author":13,"featured_media":21791,"comment_status":"open","ping_status":"open","sticky":false,"template":"","format":"standard","meta":{"footnotes":""},"categories":[16,4],"tags":[],"class_list":["post-21790","post","type-post","status-publish","format-standard","has-post-thumbnail","hentry","category-comunicamos","category-noticias","xfolkentry"],"_links":{"self":[{"href":"https:\/\/www.ambienteyenergia.gob.ec\/ambiente\/wp-json\/wp\/v2\/posts\/21790","targetHints":{"allow":["GET"]}}],"collection":[{"href":"https:\/\/www.ambienteyenergia.gob.ec\/ambiente\/wp-json\/wp\/v2\/posts"}],"about":[{"href":"https:\/\/www.ambienteyenergia.gob.ec\/ambiente\/wp-json\/wp\/v2\/types\/post"}],"author":[{"embeddable":true,"href":"https:\/\/www.ambienteyenergia.gob.ec\/ambiente\/wp-json\/wp\/v2\/users\/13"}],"replies":[{"embeddable":true,"href":"https:\/\/www.ambienteyenergia.gob.ec\/ambiente\/wp-json\/wp\/v2\/comments?post=21790"}],"version-history":[{"count":0,"href":"https:\/\/www.ambienteyenergia.gob.ec\/ambiente\/wp-json\/wp\/v2\/posts\/21790\/revisions"}],"wp:featuredmedia":[{"embeddable":true,"href":"https:\/\/www.ambienteyenergia.gob.ec\/ambiente\/wp-json\/wp\/v2\/media\/21791"}],"wp:attachment":[{"href":"https:\/\/www.ambienteyenergia.gob.ec\/ambiente\/wp-json\/wp\/v2\/media?parent=21790"}],"wp:term":[{"taxonomy":"category","embeddable":true,"href":"https:\/\/www.ambienteyenergia.gob.ec\/ambiente\/wp-json\/wp\/v2\/categories?post=21790"},{"taxonomy":"post_tag","embeddable":true,"href":"https:\/\/www.ambienteyenergia.gob.ec\/ambiente\/wp-json\/wp\/v2\/tags?post=21790"}],"curies":[{"name":"wp","href":"https:\/\/api.w.org\/{rel}","templated":true}]}}