{"id":21781,"date":"2014-07-31T14:51:01","date_gmt":"2014-07-31T19:51:01","guid":{"rendered":"http:\/\/www.ambiente.gob.ec\/?p=21781"},"modified":"2014-07-31T15:13:11","modified_gmt":"2014-07-31T20:13:11","slug":"mae-organiza-el-segundo-taller-tecnico-para-la-estructuracion-y-desarrollo-de-nama","status":"publish","type":"post","link":"https:\/\/www.ambienteyenergia.gob.ec\/ambiente\/mae-organiza-el-segundo-taller-tecnico-para-la-estructuracion-y-desarrollo-de-nama\/","title":{"rendered":"MAE organiza el Segundo Taller T\u00e9cnico para la estructuraci\u00f3n y desarrollo de NAMA"},"content":{"rendered":"<p style=\"text-align: justify;\">La Subsecretar\u00eda de Cambio Clim\u00e1tico del Ministerio del Ambiente (MAE) y el Programa de Naciones Unidas para el Desarrollo (PNUD), a trav\u00e9s del proyecto FOCAM, llev\u00f3 a cabo el <strong>\u201cII Taller T\u00e9cnico para la Estructuraci\u00f3n y Desarrollo de Acciones Nacionales Apropiadas de Mitigaci\u00f3n en el Ecuador\u201d<\/strong> en las instalaciones de Naciones Unidas.<\/p>\n<p style=\"text-align: justify;\">El taller se desarroll\u00f3 con el fin de presentar los resultados del trabajo ejecutado, hasta el momento, por parte del proyecto Fomento de Capacidades para la Mitigaci\u00f3n del Cambio Clim\u00e1tico (FOCAM), en particular sobre las tres NAMAs de energ\u00eda: Programa de Cocci\u00f3n Eficiente, Optimizaci\u00f3n de Generaci\u00f3n El\u00e9ctrica y Eficiencia Energ\u00e9tica (OGE&amp;EE), y el Desarrollo Futuro Centrales Hidroel\u00e9ctricas (DFCH).<\/p>\n<p style=\"text-align: justify;\">En ese contexto, se presentaron los alcances, actores identificados, la l\u00ednea base, escenarios de mitigaci\u00f3n, y dem\u00e1s componentes de la estructuraci\u00f3n de las NAMA. A partir de la informaci\u00f3n compartida, se abri\u00f3 un espacio de di\u00e1logo para la retroalimentaci\u00f3n al trabajo desarrollado, con la participaci\u00f3n de los actores involucrados en el desarrollo de NAMAs.<\/p>\n<p style=\"text-align: justify;\">El proyecto FOCAM en conjunto con el equipo de la compa\u00f1\u00eda consultora DNV, realizaron ejercicios pr\u00e1cticos sobre las metodolog\u00edas de monitoreo, reporte y verificaci\u00f3n (MRV), herramientas de inversi\u00f3n y financiamiento, y modelos de gesti\u00f3n de una NAMA.<\/p>\n<p style=\"text-align: justify;\">Como resultado del taller, se obtuvo informaci\u00f3n relevante para continuar el proceso de fortalecimiento de capacidades de las instituciones p\u00fablicas y privadas en el desarrollo y estructuraci\u00f3n conceptual de Acciones Nacionales Apropiadas de Mitigaci\u00f3n en el Ecuador.<\/p>\n","protected":false},"excerpt":{"rendered":"<p class=\"excerpt\">La Subsecretar\u00eda de Cambio Clim\u00e1tico del Ministerio del Ambiente (MAE) y el Programa de Naciones Unidas para el Desarrollo (PNUD), a trav\u00e9s del proyecto FOCAM, llev\u00f3 a cabo el \u201cII Taller T\u00e9cnico para la Estructuraci\u00f3n y Desarrollo de Acciones Nacionales Apropiadas de Mitigaci\u00f3n en el Ecuador\u201d en las instalaciones de Naciones Unidas. El taller se desarroll\u00f3 con el fin de&hellip; <a href=\"https:\/\/www.ambienteyenergia.gob.ec\/ambiente\/mae-organiza-el-segundo-taller-tecnico-para-la-estructuracion-y-desarrollo-de-nama\/\">Read more &rarr;<\/a><\/p>\n","protected":false},"author":13,"featured_media":21784,"comment_status":"open","ping_status":"open","sticky":false,"template":"","format":"standard","meta":{"footnotes":""},"categories":[16,4],"tags":[],"class_list":["post-21781","post","type-post","status-publish","format-standard","has-post-thumbnail","hentry","category-comunicamos","category-noticias","xfolkentry"],"_links":{"self":[{"href":"https:\/\/www.ambienteyenergia.gob.ec\/ambiente\/wp-json\/wp\/v2\/posts\/21781","targetHints":{"allow":["GET"]}}],"collection":[{"href":"https:\/\/www.ambienteyenergia.gob.ec\/ambiente\/wp-json\/wp\/v2\/posts"}],"about":[{"href":"https:\/\/www.ambienteyenergia.gob.ec\/ambiente\/wp-json\/wp\/v2\/types\/post"}],"author":[{"embeddable":true,"href":"https:\/\/www.ambienteyenergia.gob.ec\/ambiente\/wp-json\/wp\/v2\/users\/13"}],"replies":[{"embeddable":true,"href":"https:\/\/www.ambienteyenergia.gob.ec\/ambiente\/wp-json\/wp\/v2\/comments?post=21781"}],"version-history":[{"count":0,"href":"https:\/\/www.ambienteyenergia.gob.ec\/ambiente\/wp-json\/wp\/v2\/posts\/21781\/revisions"}],"wp:featuredmedia":[{"embeddable":true,"href":"https:\/\/www.ambienteyenergia.gob.ec\/ambiente\/wp-json\/wp\/v2\/media\/21784"}],"wp:attachment":[{"href":"https:\/\/www.ambienteyenergia.gob.ec\/ambiente\/wp-json\/wp\/v2\/media?parent=21781"}],"wp:term":[{"taxonomy":"category","embeddable":true,"href":"https:\/\/www.ambienteyenergia.gob.ec\/ambiente\/wp-json\/wp\/v2\/categories?post=21781"},{"taxonomy":"post_tag","embeddable":true,"href":"https:\/\/www.ambienteyenergia.gob.ec\/ambiente\/wp-json\/wp\/v2\/tags?post=21781"}],"curies":[{"name":"wp","href":"https:\/\/api.w.org\/{rel}","templated":true}]}}