{"id":21777,"date":"2014-07-31T14:13:31","date_gmt":"2014-07-31T19:13:31","guid":{"rendered":"http:\/\/www.ambiente.gob.ec\/?p=21777"},"modified":"2014-07-31T14:13:31","modified_gmt":"2014-07-31T19:13:31","slug":"plan-de-contingencia-de-incendios-forestales-buscar-prevenir-mitigar-y-controlar-este-fenomeno-natural","status":"publish","type":"post","link":"https:\/\/www.ambienteyenergia.gob.ec\/ambiente\/plan-de-contingencia-de-incendios-forestales-buscar-prevenir-mitigar-y-controlar-este-fenomeno-natural\/","title":{"rendered":"Plan de Contingencia de Incendios Forestales buscar prevenir, mitigar y controlar este fen\u00f3meno natural"},"content":{"rendered":"<p style=\"text-align: justify;\">Cada a\u00f1o, cuando llega el verano, existe el riesgo de que ocurran incendios forestales, que pueden afectar grandes extensiones de bosques y vegetaci\u00f3n natural, causando da\u00f1os de \u00edndole social, econ\u00f3mico y ecol\u00f3gico.<\/p>\n<p>Por esta raz\u00f3n, el Ministerio del Ambiente, como Autoridad Ambiental Nacional, cuenta con un Plan de Contingencia de Incendios Forestales que tiene como objetivo implementar medidas que permitan prevenir, mitigar y controlar este fen\u00f3meno natural, sobre todo en zonas fr\u00e1giles como el Sistema Nacional de \u00c1reas Protegidas, p\u00e1ramos y bosques.<\/p>\n<p>La implementaci\u00f3n de este plan que surge con la necesidad de promover acciones preventivas en la lucha contra incendios forestales a trav\u00e9s de la difusi\u00f3n y concientizaci\u00f3n en los sitios de mayor incidencia, ha tenido excelentes resultados. En el 2012 por ejemplo, los incendios afectaron a 21 570 hect\u00e1reas, mientras que en el 2013 se redujeron a 4 216 hect\u00e1reas, apenas el 19,55% del total del 2012. Si bien estas cifras son alentadoras, la Autoridad Ambiental continuar\u00e1 trabajando para reducir este fen\u00f3meno que afecta a los ecosistemas.<\/p>\n<p>El programa de contingencia contempla tres etapas, la primera etapa es un programa de prevenci\u00f3n en el que se ejecutan m\u00faltiples actividades como labores operativas preventivas, educaci\u00f3n ambiental, vigilancia y alerta temprana en zonas de mayor susceptibilidad. La segunda es un plan de emergencia en el que colaboran varias instituciones como la Secretar\u00eda Nacional de Gesti\u00f3n de Riesgos, Cuerpo de Bomberos, Fuerzas Armadas y Gobiernos Aut\u00f3nomos Descentralizados provinciales, municipales y parroquiales, con el fin de controlar los incendios que se presenten de forma inmediata y eficaz. Y finalmente, la tercera fase se refiere al plan de remediaci\u00f3n que busca reparar la cobertura vegetal original afectada.<\/p>\n<p style=\"text-align: justify;\">Adem\u00e1s de esta estrategia para combatir los incendios, el MAE durante todo el a\u00f1o ejecuta varias acciones complementarias como capacitaciones, jornadas de educaci\u00f3n ambiental, campa\u00f1as digitales y campa\u00f1as puerta a puerta; que buscan promover el cuidado y la protecci\u00f3n de los bosques y \u00e1reas naturales.<\/p>\n<p style=\"text-align: justify;\">Cabe se\u00f1alar que, que la mayor\u00eda de incendios forestales presentados en el pa\u00eds se deben a causas antropog\u00e9nicas. Por ejemplo, en varias zonas agr\u00edcolas, el fuego es utilizado como herramienta de trabajo para preparar la tierra, eliminar rastrojos y limpiar el terreno, entre otros, pero su mala utilizaci\u00f3n puede causar da\u00f1os irreparables en los ecosistemas.<\/p>\n<p style=\"text-align: justify;\">Seg\u00fan reportes de esta Cartera de Estado, el 70% de incendios forestales son causados por el hombre, el 25% son por negligencia o por quemas agr\u00edcolas y el 5% por causas naturales (botellas de vidrio, rayos). Por ello, el MAE invita a la ciudadan\u00eda a que contribuya con la protecci\u00f3n de estos espacios naturales.<\/p>\n<p style=\"text-align: center;\">\n<em>\u00a1Recuerda que cuidar el Ambiente es cuidar la vida!<\/em><\/p>\n<p style=\"text-align: center;\"><a href=\"http:\/\/www.ambienteyenergia.gob.ec\/ambiente\/wp-content\/uploads\/2014\/07\/incendios1.jpg\"><img loading=\"lazy\" decoding=\"async\" class=\"aligncenter size-full wp-image-21779\" src=\"http:\/\/www.ambienteyenergia.gob.ec\/ambiente\/wp-content\/uploads\/2014\/07\/incendios1.jpg\" alt=\"incendios forestales\" width=\"670\" height=\"370\" srcset=\"https:\/\/www.ambienteyenergia.gob.ec\/ambiente\/wp-content\/uploads\/sites\/2\/2014\/07\/incendios1.jpg 670w, https:\/\/www.ambienteyenergia.gob.ec\/ambiente\/wp-content\/uploads\/sites\/2\/2014\/07\/incendios1-300x165.jpg 300w, https:\/\/www.ambienteyenergia.gob.ec\/ambiente\/wp-content\/uploads\/sites\/2\/2014\/07\/incendios1-500x276.jpg 500w\" sizes=\"auto, (max-width: 670px) 100vw, 670px\" \/><\/a><\/p>\n","protected":false},"excerpt":{"rendered":"<p class=\"excerpt\">Cada a\u00f1o, cuando llega el verano, existe el riesgo de que ocurran incendios forestales, que pueden afectar grandes extensiones de bosques y vegetaci\u00f3n natural, causando da\u00f1os de \u00edndole social, econ\u00f3mico y ecol\u00f3gico. Por esta raz\u00f3n, el Ministerio del Ambiente, como Autoridad Ambiental Nacional, cuenta con un Plan de Contingencia de Incendios Forestales que tiene como objetivo implementar medidas que permitan&hellip; <a href=\"https:\/\/www.ambienteyenergia.gob.ec\/ambiente\/plan-de-contingencia-de-incendios-forestales-buscar-prevenir-mitigar-y-controlar-este-fenomeno-natural\/\">Read more &rarr;<\/a><\/p>\n","protected":false},"author":13,"featured_media":21778,"comment_status":"open","ping_status":"open","sticky":false,"template":"","format":"standard","meta":{"footnotes":""},"categories":[16,4],"tags":[],"class_list":["post-21777","post","type-post","status-publish","format-standard","has-post-thumbnail","hentry","category-comunicamos","category-noticias","xfolkentry"],"_links":{"self":[{"href":"https:\/\/www.ambienteyenergia.gob.ec\/ambiente\/wp-json\/wp\/v2\/posts\/21777","targetHints":{"allow":["GET"]}}],"collection":[{"href":"https:\/\/www.ambienteyenergia.gob.ec\/ambiente\/wp-json\/wp\/v2\/posts"}],"about":[{"href":"https:\/\/www.ambienteyenergia.gob.ec\/ambiente\/wp-json\/wp\/v2\/types\/post"}],"author":[{"embeddable":true,"href":"https:\/\/www.ambienteyenergia.gob.ec\/ambiente\/wp-json\/wp\/v2\/users\/13"}],"replies":[{"embeddable":true,"href":"https:\/\/www.ambienteyenergia.gob.ec\/ambiente\/wp-json\/wp\/v2\/comments?post=21777"}],"version-history":[{"count":0,"href":"https:\/\/www.ambienteyenergia.gob.ec\/ambiente\/wp-json\/wp\/v2\/posts\/21777\/revisions"}],"wp:featuredmedia":[{"embeddable":true,"href":"https:\/\/www.ambienteyenergia.gob.ec\/ambiente\/wp-json\/wp\/v2\/media\/21778"}],"wp:attachment":[{"href":"https:\/\/www.ambienteyenergia.gob.ec\/ambiente\/wp-json\/wp\/v2\/media?parent=21777"}],"wp:term":[{"taxonomy":"category","embeddable":true,"href":"https:\/\/www.ambienteyenergia.gob.ec\/ambiente\/wp-json\/wp\/v2\/categories?post=21777"},{"taxonomy":"post_tag","embeddable":true,"href":"https:\/\/www.ambienteyenergia.gob.ec\/ambiente\/wp-json\/wp\/v2\/tags?post=21777"}],"curies":[{"name":"wp","href":"https:\/\/api.w.org\/{rel}","templated":true}]}}