{"id":21771,"date":"2014-07-31T13:39:28","date_gmt":"2014-07-31T18:39:28","guid":{"rendered":"http:\/\/www.ambiente.gob.ec\/?p=21771"},"modified":"2014-08-01T16:44:19","modified_gmt":"2014-08-01T21:44:19","slug":"intercambio-sur-sur-para-el-desarrollo-de-estrategias-redd-se-desarrolla-en-quito","status":"publish","type":"post","link":"https:\/\/www.ambienteyenergia.gob.ec\/ambiente\/intercambio-sur-sur-para-el-desarrollo-de-estrategias-redd-se-desarrolla-en-quito\/","title":{"rendered":"Intercambio Sur \u2013 Sur para el Desarrollo de Estrategias REDD+ se desarrolla en Quito"},"content":{"rendered":"<p style=\"text-align: justify;\">El Gobierno de la Rep\u00fablica del Ecuador, a trav\u00e9s del Ministerio del Ambiente (MAE) y el Programa de las Naciones Unidas para la Reducci\u00f3n de Emisiones por Deforestaci\u00f3n y Degradaci\u00f3n de Bosques (ONU-REDD), inaugur\u00f3 ayer el Taller de Intercambio Sur-Sur para el Desarrollo de Estrategias REDD+, en la ciudad de Quito.<\/p>\n<p style=\"text-align: justify;\">Andr\u00e9s Hubenthal, subsecretario de Cambio Clim\u00e1tico, en su discurso enfatiz\u00f3 que para poder lograr la implementaci\u00f3n de REDD+ en los pa\u00edses de la regi\u00f3n se necesita perseverancia y agradeci\u00f3 el apoyo del Programa Nacional REDD+, organizaci\u00f3n que la hace posible.<\/p>\n<p style=\"text-align: justify;\">Destac\u00f3, adem\u00e1s, dos temas importantes: el bosque como medio de vida para la gente que subsiste sobre su base y la vinculaci\u00f3n de pol\u00edticas nacionales que inciden en las discusiones de los pa\u00edses a nivel multilateral. \u201cLo importante no es c\u00f3mo lo implementamos sino c\u00f3mo usamos ese instrumento en el contexto de las pol\u00edticas nacionales, en el contexto de la presi\u00f3n que hacemos cada uno de los pa\u00edses para lograr la reducci\u00f3n de emisiones que tanto necesitamos\u201d, a\u00f1adi\u00f3.<\/p>\n<p style=\"text-align: justify;\">Por su parte, el representante de Naciones Unidas para Ecuador, Diego Zorrilla, calific\u00f3 a los datos emitidos en el informe del IPCC (Panel Intergubernamental de Cambio Clim\u00e1tico) como \u201calarmantes\u201d, pues muestran el incremento de las emisiones mundiales de gases de efecto invernadero (GEI).<\/p>\n<p style=\"text-align: justify;\">En ese sentido, Zorrilla asegur\u00f3 que \u201cla b\u00fasqueda de soluciones para hacer frente al cambio clim\u00e1tico no es tarea f\u00e1cil y que requiere de compromisos considerablemente mayores que puedan permitirnos enfrentar la magnitud del reto al que estamos comprometidos\u201d. Asimismo, agradeci\u00f3 la apertura del Gobierno del Ecuador y del Ministerio del Ambiente para impulsar la implementaci\u00f3n del Programa Nacional Conjunto ONU REDD en el Ecuador y ratific\u00f3 el inter\u00e9s de las Naciones Unidas en apoyar a Ecuador en sus esfuerzos nacionales de lucha contra el cambio clim\u00e1tico.<\/p>\n<p>Por su parte, \u00c1ngel Valverde, Director Nacional de Mitigaci\u00f3n del Cambio Clim\u00e1tico, comparti\u00f3 con los participantes las experiencias de Ecuador en relaci\u00f3n con las pol\u00edticas p\u00fablicas y la vinculaci\u00f3n que tienen con la Estrategia REDD+.<\/p>\n<p>En este encuentro regional participan tambi\u00e9n delegaciones de Argentina, Brasil, Colombia, Chile, Costa Rica, Guatemala, Guyana, Honduras, M\u00e9xico, Panam\u00e1, Paraguay, Per\u00fa y Surinam.<\/p>\n<p><strong>El dato\u00a0<\/strong><\/p>\n<p style=\"text-align: justify;\">El Programa de las Naciones Unidas ONU-REDD es una iniciativa de colaboraci\u00f3n para reducir las emisiones de la deforestaci\u00f3n y la degradaci\u00f3n de bosques en los pa\u00edses en desarrollo. El Programa se lanz\u00f3 en 2008 y cuenta con el apoyo y la experiencia de la Organizaci\u00f3n de las Naciones Unidas para la Agricultura y la Alimentaci\u00f3n (FAO), el Programa de las Naciones Unidas para el Medio Ambiente (PNUMA) y el Programa de las Naciones Unidas para el Desarrollo (PNUD), promoviendo la participaci\u00f3n activa e informada de todos los actores interesados, incluyendo los pueblos ind\u00edgenas y otras comunidades que dependen de los bosques en la implementaci\u00f3n de REDD+ a nivel nacional e internacional.<\/p>\n","protected":false},"excerpt":{"rendered":"<p class=\"excerpt\">El Gobierno de la Rep\u00fablica del Ecuador, a trav\u00e9s del Ministerio del Ambiente (MAE) y el Programa de las Naciones Unidas para la Reducci\u00f3n de Emisiones por Deforestaci\u00f3n y Degradaci\u00f3n de Bosques (ONU-REDD), inaugur\u00f3 ayer el Taller de Intercambio Sur-Sur para el Desarrollo de Estrategias REDD+, en la ciudad de Quito. Andr\u00e9s Hubenthal, subsecretario de Cambio Clim\u00e1tico, en su discurso&hellip; <a href=\"https:\/\/www.ambienteyenergia.gob.ec\/ambiente\/intercambio-sur-sur-para-el-desarrollo-de-estrategias-redd-se-desarrolla-en-quito\/\">Read more &rarr;<\/a><\/p>\n","protected":false},"author":13,"featured_media":21772,"comment_status":"open","ping_status":"open","sticky":false,"template":"","format":"standard","meta":{"footnotes":""},"categories":[16,4],"tags":[],"class_list":["post-21771","post","type-post","status-publish","format-standard","has-post-thumbnail","hentry","category-comunicamos","category-noticias","xfolkentry"],"_links":{"self":[{"href":"https:\/\/www.ambienteyenergia.gob.ec\/ambiente\/wp-json\/wp\/v2\/posts\/21771","targetHints":{"allow":["GET"]}}],"collection":[{"href":"https:\/\/www.ambienteyenergia.gob.ec\/ambiente\/wp-json\/wp\/v2\/posts"}],"about":[{"href":"https:\/\/www.ambienteyenergia.gob.ec\/ambiente\/wp-json\/wp\/v2\/types\/post"}],"author":[{"embeddable":true,"href":"https:\/\/www.ambienteyenergia.gob.ec\/ambiente\/wp-json\/wp\/v2\/users\/13"}],"replies":[{"embeddable":true,"href":"https:\/\/www.ambienteyenergia.gob.ec\/ambiente\/wp-json\/wp\/v2\/comments?post=21771"}],"version-history":[{"count":0,"href":"https:\/\/www.ambienteyenergia.gob.ec\/ambiente\/wp-json\/wp\/v2\/posts\/21771\/revisions"}],"wp:featuredmedia":[{"embeddable":true,"href":"https:\/\/www.ambienteyenergia.gob.ec\/ambiente\/wp-json\/wp\/v2\/media\/21772"}],"wp:attachment":[{"href":"https:\/\/www.ambienteyenergia.gob.ec\/ambiente\/wp-json\/wp\/v2\/media?parent=21771"}],"wp:term":[{"taxonomy":"category","embeddable":true,"href":"https:\/\/www.ambienteyenergia.gob.ec\/ambiente\/wp-json\/wp\/v2\/categories?post=21771"},{"taxonomy":"post_tag","embeddable":true,"href":"https:\/\/www.ambienteyenergia.gob.ec\/ambiente\/wp-json\/wp\/v2\/tags?post=21771"}],"curies":[{"name":"wp","href":"https:\/\/api.w.org\/{rel}","templated":true}]}}