{"id":21761,"date":"2014-07-31T08:37:56","date_gmt":"2014-07-31T13:37:56","guid":{"rendered":"http:\/\/www.ambiente.gob.ec\/?p=21761"},"modified":"2014-07-31T08:37:56","modified_gmt":"2014-07-31T13:37:56","slug":"fortalecer-las-capacidades-tecnicas-de-guardaparques-es-una-de-las-estrategias-de-conservacion-del-mae","status":"publish","type":"post","link":"https:\/\/www.ambienteyenergia.gob.ec\/ambiente\/fortalecer-las-capacidades-tecnicas-de-guardaparques-es-una-de-las-estrategias-de-conservacion-del-mae\/","title":{"rendered":"Fortalecer las capacidades t\u00e9cnicas de guardaparques es una de las estrategias de conservaci\u00f3n del MAE"},"content":{"rendered":"<p style=\"text-align: justify;\">Ser guardaparque es una de las labores m\u00e1s arduas, pero a la vez, una tarea llena de satisfacciones. Su trabajo va m\u00e1s all\u00e1 de la conservaci\u00f3n de las \u00e1reas naturales, pues son pilares fundamentales dentro del proceso de educaci\u00f3n ambiental de la poblaci\u00f3n. En reconocimiento a esta excepcional actividad, se declara el 31 de julio de cada a\u00f1o el D\u00eda Mundial del Guardaparque.<\/p>\n<p style=\"text-align: justify;\">\nActualmente, los guardias forestales no solo son agentes de control, sino tambi\u00e9n facilitadores de informaci\u00f3n para los turistas que vistan las \u00e1reas protegidas. Adem\u00e1s de administrar, controlar y vigilar los ecosistemas, brindan apoyo a la investigaci\u00f3n y mantienen el orden del patrimonio natural, promoviendo el cuidado ambiental.<\/p>\n<p style=\"text-align: justify;\">\nEn Ecuador, la formaci\u00f3n t\u00e9cnica de los guardaparques era un reto inconcluso. La falta de experiencia en el manejo de \u00e1reas protegidas y la interrupci\u00f3n en las acciones de aprendizaje representaban un conflicto, por esta raz\u00f3n, el Ministerio del Ambiente del Ecuador (MAE) consciente de que la gesti\u00f3n del talento humano de las \u00e1reas protegidas es un factor clave en el manejo sustentable de la biodiversidad y la conservaci\u00f3n, cre\u00f3 el Programa Aula Verde.<\/p>\n<p style=\"text-align: justify;\">\n<strong>Programa Aula Verde<\/strong><br \/>\nEste proyecto impulsado por el MAE en convenio con la Fundaci\u00f3n Ecofondo y el Centro de Educaci\u00f3n y Promoci\u00f3n Popular surge con el objetivo de fortalecer las capacidades de los funcionarios que trabajan en las diferentes \u00e1reas protegidas del pa\u00eds.<\/p>\n<p style=\"text-align: justify;\">\nAula Verde, que inici\u00f3 en el 2012 con el levantamiento de un diagn\u00f3stico de necesidades t\u00e9cnicas, constituye una respuesta nacional para mejorar el manejo del Sistema Nacional de \u00c1reas Protegidas y la vida silvestre, a trav\u00e9s de la formaci\u00f3n profesional. Incluye tres subprogramas dirigidos a guardaparques; jefes de \u00e1rea y responsables de vida silvestre; y contadores-administradores del Fondo de \u00c1reas Protegidas (FAP).<\/p>\n<p style=\"text-align: justify;\">\nLos conocimientos que se imparten en los talleres ayudar\u00e1n a los funcionarios a mejorar el desempe\u00f1o de las labores a su cargo y a mejorar su gesti\u00f3n tanto en las \u00e1reas protegidas como en el manejo de vida silvestre. Durante a\u00f1os anteriores, se contaba con iniciativas dispersas de capacitaci\u00f3n para funcionarios del MAE, sin embargo, el Programa Aula Verde es el primero que cubre \u00e1mbitos te\u00f3ricos y pr\u00e1cticos, con la finalidad de que tengan una formaci\u00f3n t\u00e9cnica.<\/p>\n<p style=\"text-align: justify;\">\nLa meta a nivel nacional es capacitar a los 475 guardaparques de las 50 \u00e1reas protegidas del patrimonio natural del Estado, en temas como control y vigilancia, procesos de conservaci\u00f3n, administraci\u00f3n de \u00e1reas protegidas y vida silvestre.<\/p>\n<p style=\"text-align: justify;\">\nEn este 2014, el MAE ha declarado como prioridad nacional ambiental el mantenimiento y conservaci\u00f3n de las \u00e1reas protegidas. Por ello, es fundamental promover en los funcionarios responsables del patrimonio natural una atenci\u00f3n oportuna y un excelente servicio humano, para que los visitantes, investigadores, estudiantes y educadores aprendan, se sientan c\u00f3modos, repliquen su grata experiencia y se comprometan con la conservaci\u00f3n de la biodiversidad del Ecuador.<\/p>\n<p style=\"text-align: justify;\"><a href=\"http:\/\/www.ambienteyenergia.gob.ec\/ambiente\/wp-content\/uploads\/2014\/07\/gp1.jpg\"><img loading=\"lazy\" decoding=\"async\" class=\"aligncenter size-large wp-image-21763\" src=\"http:\/\/www.ambienteyenergia.gob.ec\/ambiente\/wp-content\/uploads\/2014\/07\/gp1.jpg\" alt=\"gp1\" width=\"584\" height=\"281\" srcset=\"https:\/\/www.ambienteyenergia.gob.ec\/ambiente\/wp-content\/uploads\/sites\/2\/2014\/07\/gp1.jpg 843w, https:\/\/www.ambienteyenergia.gob.ec\/ambiente\/wp-content\/uploads\/sites\/2\/2014\/07\/gp1-300x144.jpg 300w, https:\/\/www.ambienteyenergia.gob.ec\/ambiente\/wp-content\/uploads\/sites\/2\/2014\/07\/gp1-500x240.jpg 500w\" sizes=\"auto, (max-width: 584px) 100vw, 584px\" \/><\/a> <a href=\"http:\/\/www.ambienteyenergia.gob.ec\/ambiente\/wp-content\/uploads\/2014\/07\/gp2.jpg\"><img loading=\"lazy\" decoding=\"async\" class=\"aligncenter size-large wp-image-21764\" src=\"http:\/\/www.ambienteyenergia.gob.ec\/ambiente\/wp-content\/uploads\/2014\/07\/gp2.jpg\" alt=\"gp2\" width=\"584\" height=\"281\" srcset=\"https:\/\/www.ambienteyenergia.gob.ec\/ambiente\/wp-content\/uploads\/sites\/2\/2014\/07\/gp2.jpg 843w, https:\/\/www.ambienteyenergia.gob.ec\/ambiente\/wp-content\/uploads\/sites\/2\/2014\/07\/gp2-300x144.jpg 300w, https:\/\/www.ambienteyenergia.gob.ec\/ambiente\/wp-content\/uploads\/sites\/2\/2014\/07\/gp2-500x240.jpg 500w\" sizes=\"auto, (max-width: 584px) 100vw, 584px\" \/><\/a><\/p>\n","protected":false},"excerpt":{"rendered":"<p class=\"excerpt\">Ser guardaparque es una de las labores m\u00e1s arduas, pero a la vez, una tarea llena de satisfacciones. Su trabajo va m\u00e1s all\u00e1 de la conservaci\u00f3n de las \u00e1reas naturales, pues son pilares fundamentales dentro del proceso de educaci\u00f3n ambiental de la poblaci\u00f3n. En reconocimiento a esta excepcional actividad, se declara el 31 de julio de cada a\u00f1o el D\u00eda&hellip; <a href=\"https:\/\/www.ambienteyenergia.gob.ec\/ambiente\/fortalecer-las-capacidades-tecnicas-de-guardaparques-es-una-de-las-estrategias-de-conservacion-del-mae\/\">Read more &rarr;<\/a><\/p>\n","protected":false},"author":13,"featured_media":21762,"comment_status":"open","ping_status":"open","sticky":false,"template":"","format":"standard","meta":{"footnotes":""},"categories":[16,4],"tags":[],"class_list":["post-21761","post","type-post","status-publish","format-standard","has-post-thumbnail","hentry","category-comunicamos","category-noticias","xfolkentry"],"_links":{"self":[{"href":"https:\/\/www.ambienteyenergia.gob.ec\/ambiente\/wp-json\/wp\/v2\/posts\/21761","targetHints":{"allow":["GET"]}}],"collection":[{"href":"https:\/\/www.ambienteyenergia.gob.ec\/ambiente\/wp-json\/wp\/v2\/posts"}],"about":[{"href":"https:\/\/www.ambienteyenergia.gob.ec\/ambiente\/wp-json\/wp\/v2\/types\/post"}],"author":[{"embeddable":true,"href":"https:\/\/www.ambienteyenergia.gob.ec\/ambiente\/wp-json\/wp\/v2\/users\/13"}],"replies":[{"embeddable":true,"href":"https:\/\/www.ambienteyenergia.gob.ec\/ambiente\/wp-json\/wp\/v2\/comments?post=21761"}],"version-history":[{"count":0,"href":"https:\/\/www.ambienteyenergia.gob.ec\/ambiente\/wp-json\/wp\/v2\/posts\/21761\/revisions"}],"wp:featuredmedia":[{"embeddable":true,"href":"https:\/\/www.ambienteyenergia.gob.ec\/ambiente\/wp-json\/wp\/v2\/media\/21762"}],"wp:attachment":[{"href":"https:\/\/www.ambienteyenergia.gob.ec\/ambiente\/wp-json\/wp\/v2\/media?parent=21761"}],"wp:term":[{"taxonomy":"category","embeddable":true,"href":"https:\/\/www.ambienteyenergia.gob.ec\/ambiente\/wp-json\/wp\/v2\/categories?post=21761"},{"taxonomy":"post_tag","embeddable":true,"href":"https:\/\/www.ambienteyenergia.gob.ec\/ambiente\/wp-json\/wp\/v2\/tags?post=21761"}],"curies":[{"name":"wp","href":"https:\/\/api.w.org\/{rel}","templated":true}]}}