{"id":21757,"date":"2014-07-30T16:58:33","date_gmt":"2014-07-30T21:58:33","guid":{"rendered":"http:\/\/www.ambiente.gob.ec\/?p=21757"},"modified":"2014-07-31T08:52:35","modified_gmt":"2014-07-31T13:52:35","slug":"221-m%c2%b3-de-producto-forestal-se-decomiso-en-bolivar","status":"publish","type":"post","link":"https:\/\/www.ambienteyenergia.gob.ec\/ambiente\/221-m%c2%b3-de-producto-forestal-se-decomiso-en-bolivar\/","title":{"rendered":"2,21 m\u00b3 de producto forestal  se decomis\u00f3 en Bol\u00edvar"},"content":{"rendered":"<p style=\"text-align: justify;\">Como parte de un operativo de control forestal, el Ministerio del Ambiente, en coordinaci\u00f3n con la Unidad de Protecci\u00f3n del Medio Ambiente de la Polic\u00eda Nacional, decomis\u00f3 2,21 m\u00b3 de madera ilegal de las especies lechero y carri\u00f3n, que ten\u00eda como destino final la provincia de Bol\u00edvar.<\/p>\n<p style=\"text-align: justify;\">El producto forestal no contaba con la gu\u00eda de movilizaci\u00f3n que justifique la tenencia y aprovechamiento, por lo que se procedi\u00f3 a retener la madera. Esta acci\u00f3n se ejecut\u00f3 de acuerdo a lo determinado en el Art. 165 y 166 del Libro III del Texto de Legislaci\u00f3n Secundaria (TULAS) y dem\u00e1s normativas forestales.<\/p>\n<p style=\"text-align: justify;\">Actualmente, la madera est\u00e1 bajo\u00a0 custodia de la Ferreter\u00eda Bol\u00edvar, hasta que la Unidad de Asesor\u00eda Jur\u00eddica de la Direcci\u00f3n Provincial del Ambiente Bol\u00edvar lo determine.<\/p>\n<p style=\"text-align: justify;\">Los controles forestales continuar\u00e1n en la provincia con el fin de disminuir el tr\u00e1fico ilegal de madera y la deforestaci\u00f3n.<\/p>\n","protected":false},"excerpt":{"rendered":"<p class=\"excerpt\">Como parte de un operativo de control forestal, el Ministerio del Ambiente, en coordinaci\u00f3n con la Unidad de Protecci\u00f3n del Medio Ambiente de la Polic\u00eda Nacional, decomis\u00f3 2,21 m\u00b3 de madera ilegal de las especies lechero y carri\u00f3n, que ten\u00eda como destino final la provincia de Bol\u00edvar. El producto forestal no contaba con la gu\u00eda de movilizaci\u00f3n que justifique la&hellip; <a href=\"https:\/\/www.ambienteyenergia.gob.ec\/ambiente\/221-m%c2%b3-de-producto-forestal-se-decomiso-en-bolivar\/\">Read more &rarr;<\/a><\/p>\n","protected":false},"author":13,"featured_media":21759,"comment_status":"open","ping_status":"open","sticky":false,"template":"","format":"standard","meta":{"footnotes":""},"categories":[16,4],"tags":[],"class_list":["post-21757","post","type-post","status-publish","format-standard","has-post-thumbnail","hentry","category-comunicamos","category-noticias","xfolkentry"],"_links":{"self":[{"href":"https:\/\/www.ambienteyenergia.gob.ec\/ambiente\/wp-json\/wp\/v2\/posts\/21757","targetHints":{"allow":["GET"]}}],"collection":[{"href":"https:\/\/www.ambienteyenergia.gob.ec\/ambiente\/wp-json\/wp\/v2\/posts"}],"about":[{"href":"https:\/\/www.ambienteyenergia.gob.ec\/ambiente\/wp-json\/wp\/v2\/types\/post"}],"author":[{"embeddable":true,"href":"https:\/\/www.ambienteyenergia.gob.ec\/ambiente\/wp-json\/wp\/v2\/users\/13"}],"replies":[{"embeddable":true,"href":"https:\/\/www.ambienteyenergia.gob.ec\/ambiente\/wp-json\/wp\/v2\/comments?post=21757"}],"version-history":[{"count":0,"href":"https:\/\/www.ambienteyenergia.gob.ec\/ambiente\/wp-json\/wp\/v2\/posts\/21757\/revisions"}],"wp:featuredmedia":[{"embeddable":true,"href":"https:\/\/www.ambienteyenergia.gob.ec\/ambiente\/wp-json\/wp\/v2\/media\/21759"}],"wp:attachment":[{"href":"https:\/\/www.ambienteyenergia.gob.ec\/ambiente\/wp-json\/wp\/v2\/media?parent=21757"}],"wp:term":[{"taxonomy":"category","embeddable":true,"href":"https:\/\/www.ambienteyenergia.gob.ec\/ambiente\/wp-json\/wp\/v2\/categories?post=21757"},{"taxonomy":"post_tag","embeddable":true,"href":"https:\/\/www.ambienteyenergia.gob.ec\/ambiente\/wp-json\/wp\/v2\/tags?post=21757"}],"curies":[{"name":"wp","href":"https:\/\/api.w.org\/{rel}","templated":true}]}}