{"id":21754,"date":"2014-07-30T15:13:01","date_gmt":"2014-07-30T20:13:01","guid":{"rendered":"http:\/\/www.ambiente.gob.ec\/?p=21754"},"modified":"2014-07-30T15:13:01","modified_gmt":"2014-07-30T20:13:01","slug":"mae-participo-en-el-gabinete-intinerante-realizado-en-la-parroquia-paccha","status":"publish","type":"post","link":"https:\/\/www.ambienteyenergia.gob.ec\/ambiente\/mae-participo-en-el-gabinete-intinerante-realizado-en-la-parroquia-paccha\/","title":{"rendered":"MAE particip\u00f3 en el Gabinete Intinerante realizado en la parroquia Paccha"},"content":{"rendered":"<p style=\"text-align: justify;\">El Ministerio del Ambiente (MAE) particip\u00f3 el pasado s\u00e1bado 26 de julio en el Gabinete Itinerante que se desarroll\u00f3 en la comunidad de las Nieves de la parroquia de Paccha, provincia de Azuay.<\/p>\n<p style=\"text-align: justify;\">En el evento se inform\u00f3 a la ciudadan\u00eda sobre el convenio de reforestaci\u00f3n que esta Cartera de Estado suscribi\u00f3 con la Junta Parroquial de Paccha, con el que se busca restaurar alrededor de 280 hect\u00e1reas.<\/p>\n<p style=\"text-align: justify;\">Este acuerdo, que tiene una duraci\u00f3n de tres a\u00f1os, es parte del Plan Nacional de Restauraci\u00f3n Forestal que ejecuta el MAE.<\/p>\n<p style=\"text-align: justify;\">Asimismo, se expusieron temas como la acreditaci\u00f3n que se le otorg\u00f3 al Ilustre Municipio de Cuenca, con el fin de que la Comisi\u00f3n de Gesti\u00f3n Ambiental regularice a la ciudad en materia ambiental.<\/p>\n<p style=\"text-align: justify;\">Al finalizar, el MAE se comprometi\u00f3 con la comunidad a seguir velando por el cumplimiento de la normativa ambiental vigente y a seguir trabajando en la conservaci\u00f3n de los recursos naturales de la provincia.<\/p>\n","protected":false},"excerpt":{"rendered":"<p class=\"excerpt\">El Ministerio del Ambiente (MAE) particip\u00f3 el pasado s\u00e1bado 26 de julio en el Gabinete Itinerante que se desarroll\u00f3 en la comunidad de las Nieves de la parroquia de Paccha, provincia de Azuay. En el evento se inform\u00f3 a la ciudadan\u00eda sobre el convenio de reforestaci\u00f3n que esta Cartera de Estado suscribi\u00f3 con la Junta Parroquial de Paccha, con el&hellip; <a href=\"https:\/\/www.ambienteyenergia.gob.ec\/ambiente\/mae-participo-en-el-gabinete-intinerante-realizado-en-la-parroquia-paccha\/\">Read more &rarr;<\/a><\/p>\n","protected":false},"author":13,"featured_media":21755,"comment_status":"open","ping_status":"open","sticky":false,"template":"","format":"standard","meta":{"footnotes":""},"categories":[16,4],"tags":[],"class_list":["post-21754","post","type-post","status-publish","format-standard","has-post-thumbnail","hentry","category-comunicamos","category-noticias","xfolkentry"],"_links":{"self":[{"href":"https:\/\/www.ambienteyenergia.gob.ec\/ambiente\/wp-json\/wp\/v2\/posts\/21754","targetHints":{"allow":["GET"]}}],"collection":[{"href":"https:\/\/www.ambienteyenergia.gob.ec\/ambiente\/wp-json\/wp\/v2\/posts"}],"about":[{"href":"https:\/\/www.ambienteyenergia.gob.ec\/ambiente\/wp-json\/wp\/v2\/types\/post"}],"author":[{"embeddable":true,"href":"https:\/\/www.ambienteyenergia.gob.ec\/ambiente\/wp-json\/wp\/v2\/users\/13"}],"replies":[{"embeddable":true,"href":"https:\/\/www.ambienteyenergia.gob.ec\/ambiente\/wp-json\/wp\/v2\/comments?post=21754"}],"version-history":[{"count":0,"href":"https:\/\/www.ambienteyenergia.gob.ec\/ambiente\/wp-json\/wp\/v2\/posts\/21754\/revisions"}],"wp:featuredmedia":[{"embeddable":true,"href":"https:\/\/www.ambienteyenergia.gob.ec\/ambiente\/wp-json\/wp\/v2\/media\/21755"}],"wp:attachment":[{"href":"https:\/\/www.ambienteyenergia.gob.ec\/ambiente\/wp-json\/wp\/v2\/media?parent=21754"}],"wp:term":[{"taxonomy":"category","embeddable":true,"href":"https:\/\/www.ambienteyenergia.gob.ec\/ambiente\/wp-json\/wp\/v2\/categories?post=21754"},{"taxonomy":"post_tag","embeddable":true,"href":"https:\/\/www.ambienteyenergia.gob.ec\/ambiente\/wp-json\/wp\/v2\/tags?post=21754"}],"curies":[{"name":"wp","href":"https:\/\/api.w.org\/{rel}","templated":true}]}}