{"id":21750,"date":"2014-07-30T13:51:07","date_gmt":"2014-07-30T18:51:07","guid":{"rendered":"http:\/\/www.ambiente.gob.ec\/?p=21750"},"modified":"2014-07-30T14:45:34","modified_gmt":"2014-07-30T19:45:34","slug":"ministerio-del-ambiente-abrio-proceso-administrativo-a-petroamazonas-por-derrame-en-sucumbios","status":"publish","type":"post","link":"https:\/\/www.ambienteyenergia.gob.ec\/ambiente\/ministerio-del-ambiente-abrio-proceso-administrativo-a-petroamazonas-por-derrame-en-sucumbios\/","title":{"rendered":"Ministerio del Ambiente abri\u00f3 proceso administrativo a Petroamazonas por derrame en Sucumb\u00edos"},"content":{"rendered":"<p style=\"text-align: justify;\">El Ministerio del Ambiente del Ecuador, a trav\u00e9s de la Direcci\u00f3n Provincial de Sucumb\u00edos, abri\u00f3 un proceso administrativo en contra de Petroamazonas por contaminaci\u00f3n ambiental, tras el derrame ocurrido el pasado 1 de julio en la l\u00ednea de flujo 12 3\/4 Lago Agrio-El Libertador ubicada en el KM 15 \u00bd v\u00eda Lago Agrio \u2013 Dureno. La audiencia de juzgamiento se realiz\u00f3 ayer en presencia del procurador de la Gerencia de la empresa estatal en donde se presentaron dos informes que son analizados.<\/p>\n<p style=\"text-align: justify;\">Por otra parte, t\u00e9cnicos del Programa de Reparaci\u00f3n Ambiental y Social (PRAS) de esta Cartera de Estado realizaron el levantamiento de informaci\u00f3n relacionada a los pobladores presuntamente afectados por el incidente, para determinar las condiciones socio-ambientales en las que se encuentran.<\/p>\n<p style=\"text-align: justify;\">Asimismo, el 6 de julio pasado, t\u00e9cnicos del la Reserva de Producci\u00f3n Faun\u00edstica Cuyabeno del Ministerio del Ambiente inspeccionaron el r\u00edo Aguarico (sector de Taikiua) cerca de la comunidad de Playas de Cuyabeno sin que, visualmente, pudieran identificar manchas de petr\u00f3leo en la zona espec\u00edfica. Por su parte, la Direcci\u00f3n Provincial de Ambiente de Sucumb\u00edos realiz\u00f3 una inspecci\u00f3n de control y seguimiento a las actividades de limpieza por el sitio donde ocurri\u00f3 el incidente y se tomaron muestras de agua y suelo, con el objeto de determinar el nivel de avance de la limpieza, las cuales son evaluadas por laboratorios autorizados expertos.<\/p>\n<p style=\"text-align: justify;\">Una nueva toma de muestras se realiz\u00f3 el 24 de julio en la desembocadura del R\u00edo <span style=\"color: #000000;\">Parahaico<\/span>\u00a0hacia el R\u00edo Aguarico y en el punto de origen del derrame. El Ministerio del Ambiente, a trav\u00e9s de sus especialistas, ha determinado que todo el crudo ya ha sido recuperado. Por el momento se recopila informaci\u00f3n de propiedades afectadas para los procesos de indemnizaci\u00f3n correspondientes.<\/p>\n<p style=\"text-align: justify;\">Adem\u00e1s del proceso administrativo iniciado por esta Cartera de Estado, una ciudadana propietaria de una finca del sector en donde se produjo el derrame ha presentado tambi\u00e9n una denuncia por da\u00f1o ambiental en la Fiscal\u00eda de Sucumb\u00edos en contra de Petroamazonas. En este proceso, el Ministerio del Ambiente tambi\u00e9n aportar\u00e1 con todo su contigente en apego a sus competencias.\u00a0 Este tr\u00e1mite judicial est\u00e1 en fase de indagaci\u00f3n previa.<\/p>\n","protected":false},"excerpt":{"rendered":"<p class=\"excerpt\">El Ministerio del Ambiente del Ecuador, a trav\u00e9s de la Direcci\u00f3n Provincial de Sucumb\u00edos, abri\u00f3 un proceso administrativo en contra de Petroamazonas por contaminaci\u00f3n ambiental, tras el derrame ocurrido el pasado 1 de julio en la l\u00ednea de flujo 12 3\/4 Lago Agrio-El Libertador ubicada en el KM 15 \u00bd v\u00eda Lago Agrio \u2013 Dureno. La audiencia de juzgamiento se&hellip; <a href=\"https:\/\/www.ambienteyenergia.gob.ec\/ambiente\/ministerio-del-ambiente-abrio-proceso-administrativo-a-petroamazonas-por-derrame-en-sucumbios\/\">Read more &rarr;<\/a><\/p>\n","protected":false},"author":13,"featured_media":20789,"comment_status":"open","ping_status":"open","sticky":false,"template":"","format":"standard","meta":{"footnotes":""},"categories":[16,4],"tags":[],"class_list":["post-21750","post","type-post","status-publish","format-standard","has-post-thumbnail","hentry","category-comunicamos","category-noticias","xfolkentry"],"_links":{"self":[{"href":"https:\/\/www.ambienteyenergia.gob.ec\/ambiente\/wp-json\/wp\/v2\/posts\/21750","targetHints":{"allow":["GET"]}}],"collection":[{"href":"https:\/\/www.ambienteyenergia.gob.ec\/ambiente\/wp-json\/wp\/v2\/posts"}],"about":[{"href":"https:\/\/www.ambienteyenergia.gob.ec\/ambiente\/wp-json\/wp\/v2\/types\/post"}],"author":[{"embeddable":true,"href":"https:\/\/www.ambienteyenergia.gob.ec\/ambiente\/wp-json\/wp\/v2\/users\/13"}],"replies":[{"embeddable":true,"href":"https:\/\/www.ambienteyenergia.gob.ec\/ambiente\/wp-json\/wp\/v2\/comments?post=21750"}],"version-history":[{"count":0,"href":"https:\/\/www.ambienteyenergia.gob.ec\/ambiente\/wp-json\/wp\/v2\/posts\/21750\/revisions"}],"wp:featuredmedia":[{"embeddable":true,"href":"https:\/\/www.ambienteyenergia.gob.ec\/ambiente\/wp-json\/wp\/v2\/media\/20789"}],"wp:attachment":[{"href":"https:\/\/www.ambienteyenergia.gob.ec\/ambiente\/wp-json\/wp\/v2\/media?parent=21750"}],"wp:term":[{"taxonomy":"category","embeddable":true,"href":"https:\/\/www.ambienteyenergia.gob.ec\/ambiente\/wp-json\/wp\/v2\/categories?post=21750"},{"taxonomy":"post_tag","embeddable":true,"href":"https:\/\/www.ambienteyenergia.gob.ec\/ambiente\/wp-json\/wp\/v2\/tags?post=21750"}],"curies":[{"name":"wp","href":"https:\/\/api.w.org\/{rel}","templated":true}]}}