{"id":21746,"date":"2014-07-30T12:13:08","date_gmt":"2014-07-30T17:13:08","guid":{"rendered":"http:\/\/www.ambiente.gob.ec\/?p=21746"},"modified":"2014-07-30T13:20:26","modified_gmt":"2014-07-30T18:20:26","slug":"cerca-de-2-mil-plantulas-de-miconia-fueron-plantadas-en-el-cerro-media-luna","status":"publish","type":"post","link":"https:\/\/www.ambienteyenergia.gob.ec\/ambiente\/cerca-de-2-mil-plantulas-de-miconia-fueron-plantadas-en-el-cerro-media-luna\/","title":{"rendered":"Cerca de 2 mil pl\u00e1ntulas de miconia fueron sembradas en el cerro Media Luna"},"content":{"rendered":"<p style=\"text-align: justify;\">El objetivo de esta actividad es iniciar procesos de restauraci\u00f3n ecol\u00f3gica en un \u00e1rea alterada por especies invasoras en la zona alta de Santa Cruz.<\/p>\n<p style=\"text-align: justify;\">Alrededor de 1 900 pl\u00e1ntulas de Miconia robinsoniana, especie end\u00e9mica de Gal\u00e1pagos, se sembraron en la jornada de reforestaci\u00f3n realizada en el sitio conocido como Resbaladero en cerro Media Luna, zona alta de la isla Santa Cruz. El Ministerio del Ambiente, a trav\u00e9s de la Direcci\u00f3n del Parque Nacional Gal\u00e1pagos (DPNG) y con el apoyo de estudiantes locales y extranjeros dieron inicio a este proceso de restauraci\u00f3n ecol\u00f3gica en el archipi\u00e9lago.<\/p>\n<p style=\"text-align: justify;\">Las pl\u00e1ntulas de miconia fueron reproducidas en el vivero forestal que tiene la DPNG, en el sector Salasaca. El m\u00e9todo de reproducci\u00f3n es por medio de semillas que fueron recolectadas en el bosque natural de esta especie ubicado en Media Luna. En el vivero han permanecido aproximadamente nueve meses, hasta estar listas para ser trasplantadas en su h\u00e1bitat original.<\/p>\n<p style=\"text-align: justify;\">Los 50 estudiantes del programa de participaci\u00f3n estudiantil, que realizan la alternativa de Educaci\u00f3n Ambiental con la DPNG, ejecutan actividades de reproducci\u00f3n de pl\u00e1ntulas en el vivero forestal, en todas las fases del proceso, que incluye recolecci\u00f3n de semillas, limpieza y clasificaci\u00f3n de semillas, germinaci\u00f3n, riego y dem\u00e1s cuidados, hasta estar listas para ser transplantadas.<\/p>\n<p style=\"text-align: justify;\">Tambi\u00e9n contribuyen con el desarrollo de esta actividad, los 15 estudiantes del programa internacional Life Work, que peri\u00f3dicamente llegan a Gal\u00e1pagos para involucrarse en la ejecuci\u00f3n de actividades comunitarias y de conservaci\u00f3n, coordinadas por la DPNG.<\/p>\n<p style=\"text-align: justify;\">En cerro Media Luna, se encuentra el bosque natural de Miconia robinsoniana y la colonia de anidaci\u00f3n de petreles de Gal\u00e1pagos m\u00e1s grandes de la isla. La miconia tambi\u00e9n es conocida como cacaotillo, por el parecido que tienen sus hojas con la fruta del cacao.<\/p>\n","protected":false},"excerpt":{"rendered":"<p class=\"excerpt\">El objetivo de esta actividad es iniciar procesos de restauraci\u00f3n ecol\u00f3gica en un \u00e1rea alterada por especies invasoras en la zona alta de Santa Cruz. Alrededor de 1 900 pl\u00e1ntulas de Miconia robinsoniana, especie end\u00e9mica de Gal\u00e1pagos, se sembraron en la jornada de reforestaci\u00f3n realizada en el sitio conocido como Resbaladero en cerro Media Luna, zona alta de la isla&hellip; <a href=\"https:\/\/www.ambienteyenergia.gob.ec\/ambiente\/cerca-de-2-mil-plantulas-de-miconia-fueron-plantadas-en-el-cerro-media-luna\/\">Read more &rarr;<\/a><\/p>\n","protected":false},"author":13,"featured_media":21747,"comment_status":"open","ping_status":"open","sticky":false,"template":"","format":"standard","meta":{"footnotes":""},"categories":[16,4],"tags":[],"class_list":["post-21746","post","type-post","status-publish","format-standard","has-post-thumbnail","hentry","category-comunicamos","category-noticias","xfolkentry"],"_links":{"self":[{"href":"https:\/\/www.ambienteyenergia.gob.ec\/ambiente\/wp-json\/wp\/v2\/posts\/21746","targetHints":{"allow":["GET"]}}],"collection":[{"href":"https:\/\/www.ambienteyenergia.gob.ec\/ambiente\/wp-json\/wp\/v2\/posts"}],"about":[{"href":"https:\/\/www.ambienteyenergia.gob.ec\/ambiente\/wp-json\/wp\/v2\/types\/post"}],"author":[{"embeddable":true,"href":"https:\/\/www.ambienteyenergia.gob.ec\/ambiente\/wp-json\/wp\/v2\/users\/13"}],"replies":[{"embeddable":true,"href":"https:\/\/www.ambienteyenergia.gob.ec\/ambiente\/wp-json\/wp\/v2\/comments?post=21746"}],"version-history":[{"count":0,"href":"https:\/\/www.ambienteyenergia.gob.ec\/ambiente\/wp-json\/wp\/v2\/posts\/21746\/revisions"}],"wp:featuredmedia":[{"embeddable":true,"href":"https:\/\/www.ambienteyenergia.gob.ec\/ambiente\/wp-json\/wp\/v2\/media\/21747"}],"wp:attachment":[{"href":"https:\/\/www.ambienteyenergia.gob.ec\/ambiente\/wp-json\/wp\/v2\/media?parent=21746"}],"wp:term":[{"taxonomy":"category","embeddable":true,"href":"https:\/\/www.ambienteyenergia.gob.ec\/ambiente\/wp-json\/wp\/v2\/categories?post=21746"},{"taxonomy":"post_tag","embeddable":true,"href":"https:\/\/www.ambienteyenergia.gob.ec\/ambiente\/wp-json\/wp\/v2\/tags?post=21746"}],"curies":[{"name":"wp","href":"https:\/\/api.w.org\/{rel}","templated":true}]}}