{"id":21733,"date":"2014-07-29T16:48:23","date_gmt":"2014-07-29T21:48:23","guid":{"rendered":"http:\/\/www.ambiente.gob.ec\/?p=21733"},"modified":"2014-07-29T16:48:23","modified_gmt":"2014-07-29T21:48:23","slug":"pacc-capacito-a-agricultores-en-la-instalacion-y-manejo-de-sistemas-de-riego-movil-en-la-comunidad-de-pachinche-manabi","status":"publish","type":"post","link":"https:\/\/www.ambienteyenergia.gob.ec\/ambiente\/pacc-capacito-a-agricultores-en-la-instalacion-y-manejo-de-sistemas-de-riego-movil-en-la-comunidad-de-pachinche-manabi\/","title":{"rendered":"PACC capacit\u00f3 a agricultores en la instalaci\u00f3n y manejo de sistemas de riego m\u00f3vil en la comunidad de Pachinche, Manab\u00ed"},"content":{"rendered":"<p style=\"text-align: justify;\">El Ministerio del Ambiente de Ecuador (MAE) y el Proyecto de Adaptaci\u00f3n al Cambio Clim\u00e1tico (PACC), a trav\u00e9s de una efectiva gobernabilidad del agua, liderado por la Subsecretar\u00eda de Cambio Clim\u00e1tico con el apoyo del Programa de las Naciones Unidas para el Desarrollo (PNUD), capacit\u00f3 a agricultores de la comunidad Pachinche de Manab\u00ed, en la instalaci\u00f3n y manejo de sistemas de riego m\u00f3vil. Colabor\u00f3 en esta iniciativa la ACJ-Portoviejo (Asociaci\u00f3n Cristiana de J\u00f3venes de Portoviejo).<\/p>\n<p style=\"text-align: justify;\">\nComo parte de la implementaci\u00f3n de medidas de adaptaci\u00f3n al cambio clim\u00e1tico que promueve el PACC, el MAE organiz\u00f3 una jornada de capacitaci\u00f3n para los beneficiarios de la implementaci\u00f3n de sistemas de riego m\u00f3vil para el fomento productivo de cosecha y postcosecha. Durante esta jornada, los agricultores recibieron la informaci\u00f3n necesaria para conocer los beneficios del sistema de riego a implementar, as\u00ed como su correcta instalaci\u00f3n y uso.<\/p>\n<p style=\"text-align: justify;\">\nLa jornada de capacitaci\u00f3n se convirti\u00f3 adem\u00e1s en un espacio para compartir con la familia y compa\u00f1eros de la comunidad. Este trabajo conjunto es fundamental para la aplicaci\u00f3n de medidas de adaptaci\u00f3n que inciden en la gesti\u00f3n del territorio.<\/p>\n<p style=\"text-align: justify;\">\nEs importante resaltar que el MAE en colaboraci\u00f3n con la ACJ-Portoviejo, realizar\u00e1 el seguimiento respectivo para velar por el correcto uso de los materiales y equipos, de igual manera se continuar\u00e1 con el proceso de capacitaci\u00f3n de los miembros de la comunidad en temas de cambio clim\u00e1tico, derechos de la naturaleza, g\u00e9nero y soberan\u00eda alimentaria.<\/p>\n<p style=\"text-align: justify;\"><strong>El dato<\/strong><\/p>\n<p style=\"text-align: justify;\">\nEn d\u00edas anteriores se realiz\u00f3 la <a href=\"http:\/\/www.ambienteyenergia.gob.ec\/ambiente\/en-manabi-mae-entrego-40-sistemas-de-riego-movil-a-familias-de-la-comunidad-de-pachinche-en-el-canton-portoviejo\/\">entrega de 40 sistemas de rieg o m\u00f3vil en la comunidad de Pachinche<\/a>. El riego m\u00f3vil implementado no es un sistema invasivo, es decir, que para su montaje y desmontaje no es necesario la remoci\u00f3n de terreno, construcci\u00f3n de infraestructura adicional, etc.<\/p>\n<p style=\"text-align: justify;\">\n<p>La aspersi\u00f3n utilizada permite la distribuci\u00f3n uniforme del agua y con bajo impacto lo que es beneficioso para evitar la erosi\u00f3n del suelo y en la \u00e9poca de floraci\u00f3n para no afectar las plantaciones.<\/p>\n<div id='gallery-1' class='gallery galleryid-21733 gallery-columns-3 gallery-size-thumbnail'><dl class='gallery-item'>\n\t\t\t<dt class='gallery-icon landscape'>\n\t\t\t\t<a href='https:\/\/www.ambienteyenergia.gob.ec\/ambiente\/pacc-capacito-a-agricultores-en-la-instalacion-y-manejo-de-sistemas-de-riego-movil-en-la-comunidad-de-pachinche-manabi\/img_0396\/'><img loading=\"lazy\" decoding=\"async\" width=\"150\" height=\"150\" src=\"https:\/\/www.ambienteyenergia.gob.ec\/ambiente\/wp-content\/uploads\/sites\/2\/2014\/07\/IMG_0396-150x150.jpg\" class=\"attachment-thumbnail size-thumbnail\" alt=\"\" \/><\/a>\n\t\t\t<\/dt><\/dl><dl class='gallery-item'>\n\t\t\t<dt class='gallery-icon portrait'>\n\t\t\t\t<a href='https:\/\/www.ambienteyenergia.gob.ec\/ambiente\/pacc-capacito-a-agricultores-en-la-instalacion-y-manejo-de-sistemas-de-riego-movil-en-la-comunidad-de-pachinche-manabi\/dsc00476\/'><img loading=\"lazy\" decoding=\"async\" width=\"150\" height=\"150\" src=\"https:\/\/www.ambienteyenergia.gob.ec\/ambiente\/wp-content\/uploads\/sites\/2\/2014\/07\/DSC00476-150x150.jpg\" class=\"attachment-thumbnail size-thumbnail\" alt=\"\" \/><\/a>\n\t\t\t<\/dt><\/dl>\n\t\t\t<br style='clear: both' \/>\n\t\t<\/div>\n\n","protected":false},"excerpt":{"rendered":"<p class=\"excerpt\">El Ministerio del Ambiente de Ecuador (MAE) y el Proyecto de Adaptaci\u00f3n al Cambio Clim\u00e1tico (PACC), a trav\u00e9s de una efectiva gobernabilidad del agua, liderado por la Subsecretar\u00eda de Cambio Clim\u00e1tico con el apoyo del Programa de las Naciones Unidas para el Desarrollo (PNUD), capacit\u00f3 a agricultores de la comunidad Pachinche de Manab\u00ed, en la instalaci\u00f3n y manejo de sistemas&hellip; <a href=\"https:\/\/www.ambienteyenergia.gob.ec\/ambiente\/pacc-capacito-a-agricultores-en-la-instalacion-y-manejo-de-sistemas-de-riego-movil-en-la-comunidad-de-pachinche-manabi\/\">Read more &rarr;<\/a><\/p>\n","protected":false},"author":13,"featured_media":21734,"comment_status":"open","ping_status":"open","sticky":false,"template":"","format":"standard","meta":{"footnotes":""},"categories":[16,4],"tags":[],"class_list":["post-21733","post","type-post","status-publish","format-standard","has-post-thumbnail","hentry","category-comunicamos","category-noticias","xfolkentry"],"_links":{"self":[{"href":"https:\/\/www.ambienteyenergia.gob.ec\/ambiente\/wp-json\/wp\/v2\/posts\/21733","targetHints":{"allow":["GET"]}}],"collection":[{"href":"https:\/\/www.ambienteyenergia.gob.ec\/ambiente\/wp-json\/wp\/v2\/posts"}],"about":[{"href":"https:\/\/www.ambienteyenergia.gob.ec\/ambiente\/wp-json\/wp\/v2\/types\/post"}],"author":[{"embeddable":true,"href":"https:\/\/www.ambienteyenergia.gob.ec\/ambiente\/wp-json\/wp\/v2\/users\/13"}],"replies":[{"embeddable":true,"href":"https:\/\/www.ambienteyenergia.gob.ec\/ambiente\/wp-json\/wp\/v2\/comments?post=21733"}],"version-history":[{"count":0,"href":"https:\/\/www.ambienteyenergia.gob.ec\/ambiente\/wp-json\/wp\/v2\/posts\/21733\/revisions"}],"wp:featuredmedia":[{"embeddable":true,"href":"https:\/\/www.ambienteyenergia.gob.ec\/ambiente\/wp-json\/wp\/v2\/media\/21734"}],"wp:attachment":[{"href":"https:\/\/www.ambienteyenergia.gob.ec\/ambiente\/wp-json\/wp\/v2\/media?parent=21733"}],"wp:term":[{"taxonomy":"category","embeddable":true,"href":"https:\/\/www.ambienteyenergia.gob.ec\/ambiente\/wp-json\/wp\/v2\/categories?post=21733"},{"taxonomy":"post_tag","embeddable":true,"href":"https:\/\/www.ambienteyenergia.gob.ec\/ambiente\/wp-json\/wp\/v2\/tags?post=21733"}],"curies":[{"name":"wp","href":"https:\/\/api.w.org\/{rel}","templated":true}]}}