{"id":21718,"date":"2014-07-29T14:16:31","date_gmt":"2014-07-29T19:16:31","guid":{"rendered":"http:\/\/www.ambiente.gob.ec\/?p=21718"},"modified":"2014-07-29T15:42:39","modified_gmt":"2014-07-29T20:42:39","slug":"mae-y-embajada-de-ecuador-en-eeuu-inauguraron-encuentro-cientifico-academico-encontrando-el-equilibrio-en-la-amazonia","status":"publish","type":"post","link":"https:\/\/www.ambienteyenergia.gob.ec\/ambiente\/mae-y-embajada-de-ecuador-en-eeuu-inauguraron-encuentro-cientifico-academico-encontrando-el-equilibrio-en-la-amazonia\/","title":{"rendered":"MAE y Embajada de Ecuador en EEUU inauguraron encuentro cient\u00edfico- acad\u00e9mico \u201cEncontrando el equilibrio en la Amazon\u00eda\u201d"},"content":{"rendered":"<p style=\"text-align: justify;\">Hoy, en las instalaciones del Instituto Ecuatoriano de Desarrollo Empresarial (IDE), en Quito, el Ministerio del Ambiente (MAE) y la Embajada de Ecuador en EEUU inauguraron oficialmente el encuentro acad\u00e9mico internacional \u201cEncontrando el equilibrio en la Amazon\u00eda: Desarrollo Econ\u00f3mico, Derechos Humanos y Justicia Ambiental Pasado, Presente y Futuro\u201d.<\/p>\n<p style=\"text-align: justify;\">En esta reuni\u00f3n de expertos y cient\u00edficos de Ecuador y varios pa\u00edses del mundo se examinar\u00e1n las implicaciones de la justicia ambiental y los derechos humanos, en el contexto de la inversi\u00f3n sostenible y la responsabilidad corporativa. Adem\u00e1s, se centrar\u00e1 en la b\u00fasqueda de soluciones a las problem\u00e1ticas mencionadas y en la estructuraci\u00f3n de pol\u00edticas p\u00fablicas para las mismas.<\/p>\n<p style=\"text-align: justify;\">En este acto oficial, participaron la Ministra del Ambiente, Lorena Tapia; la Embajadora ecuatoriana en EEUU, Nathalie Cely; y el Secretario General de la Administraci\u00f3n P\u00fablica, Vinicio Alvarado. Estuvieron presentes tambi\u00e9n el asamble\u00edsta Carlos Viteri, presidente de la Comisi\u00f3n de Biodiversidad de la Asamblea Nacional; y decenas de expertos y especialistas invitados a esta jornada acad\u00e9mica.<\/p>\n<p style=\"text-align: justify;\">Durante su intervenci\u00f3n, la Ministra Tapia resalt\u00f3 que este era el momento ideal para fomentar la construcci\u00f3n de un conocimiento s\u00f3lido frente a temas de Justicia Ambiental, Derechos Humanos, exploraci\u00f3n, extracci\u00f3n y remediaci\u00f3n, debido a que, en la actualidad, Ecuador es un pa\u00eds fortalecido en gesti\u00f3n ambiental.<\/p>\n<p style=\"text-align: justify;\">\u201cGracias a la firme voluntad pol\u00edtica del Gobierno Nacional, Ecuador lleva el liderazgo y compromiso frente a temas de justicia ambiental y desarrollo sostenible, un nuevo modelo que trabaja las dimensiones econ\u00f3mica, social, ambiental, cultural, pol\u00edtica, y \u00e9tica. La sostenibilidad no es solo una manera de hacer, es una manera de ser, es una visi\u00f3n de mundo, un ideal de vida\u201d, enfatiz\u00f3 la Titular de la Cartera de Ambiente.<\/p>\n<p style=\"text-align: justify;\">Asimismo, destac\u00f3 que la gesti\u00f3n que realiza el MAE como principal organismo rector ambiental del pa\u00eds posibilita un desarrollo petrolero y un cuidado ambiental estricto. \u201cHay pruebas de sobra para demostrar al pa\u00eds y al mundo que el Ministerio del Ambiente es una autoridad fuerte. Hoy tiene todo el recurso humano, t\u00e9cnico y tecnol\u00f3gico para hacer un seguimiento riguroso a todo proyecto petrolero y de cualquier \u00edndole\u201d.<\/p>\n<p style=\"text-align: justify;\">En ese sentido, mencion\u00f3 las acciones de control y vigilancia que la Secretar\u00eda de Ambiente ejecuta en todo el pa\u00eds, sobre todo, en el Parque Nacional Yasun\u00ed (PNY). \u201cEl Yasun\u00ed seguir\u00e1 viviendo, seguir\u00e1 siendo la cuna de la biodiversidad, de la vida. Esa es nuestra responsabilidad y, por tanto, tenemos hoy un contingente humano comprometido, que d\u00eda a d\u00eda vigila el cumplimiento de la normativa ambiental a lo largo y ancho del pa\u00eds. Estas actividades no son coyunturales sino continuas\u201d.<\/p>\n<p style=\"text-align: justify;\">Finalmente, la M\u00e1xima Autoridad Ambiental invit\u00f3 a que en este debate acad\u00e9mico se miren las evidencias, los datos, las cifras del modelo ecuatoriano enfocado en ambiente.<\/p>\n<p style=\"text-align: justify;\">Con ello coincidi\u00f3 la Embajadora ecuatoriana en EEUU, Nathalie Cely, quien resalt\u00f3 tambi\u00e9n el cambio en el modelo de desarrollo que se ha implementado en el pa\u00eds. Seg\u00fan afirm\u00f3 en su intervenci\u00f3n, este modelo est\u00e1 basado en un equilibrio entre lo social, econ\u00f3mico y natural.<\/p>\n<p style=\"text-align: justify;\">Asimismo, se\u00f1al\u00f3 que en este encuentro se reflejar\u00e1n los cambios que se han registrado en todos los \u00e1mbitos, pero sobre todo en materia ambiental en Ecuador, el primer pa\u00eds que consagr\u00f3 los derechos de la naturaleza. \u201cTodos debemos tener un claro compromiso con los derechos de la naturaleza. Este d\u00eda conversaremos y juntos encontraremos diferentes perspectivas y alternativas frente a los temas que nos re\u00fanen\u201d.<\/p>\n<p style=\"text-align: justify;\">Para finalizar el acto inaugural, Vinicio Alvarado, Secretario General de la Administraci\u00f3n P\u00fablica, salud\u00f3 y agradeci\u00f3 la presencia de los asistentes, y dio a conocer los hitos de la gesti\u00f3n del Gobierno Nacional.<\/p>\n<p style=\"text-align: justify;\">\u201cBienvenidos a un pa\u00eds que est\u00e1 construyendo su propio modelo de desarrollo, un pa\u00eds con equilibrio, estabilidad y gran aceptaci\u00f3n social\u201d, dijo y recalc\u00f3 que el nuevo modelo ecuatoriano vela por la conservaci\u00f3n de su Patrimonio Natural, a trav\u00e9s de las acciones ejecutadas por el MAE, en el marco de sus competencias. Mencion\u00f3 que un claro ejemplo de ello es el Programa Socio Bosque, mismo que entrega incentivos econ\u00f3micos a cambio de\u00a0 la conservaci\u00f3n de las \u00e1reas naturales a nivel nacional.<\/p>\n<p style=\"text-align: justify;\">Luego de estas intervenciones, el grupo de acad\u00e9micos, especialistas y las autoridades iniciaron la ronda conferencias tem\u00e1ticas que consisten en una serie de presentaciones acad\u00e9micas y mesas redondas. En estas se intercambiar\u00e1n ideas, opiniones y sugerencias. El formato permiti\u00f3 a los participantes interactuar de manera especializada y profesional sobre los temas en discusi\u00f3n.<\/p>\n<p style=\"text-align: justify;\"><strong>Agenda evento acad\u00e9mico- internacional \u201cEncontrando el equilibrio en la Amazon\u00eda\u201d<\/strong><\/p>\n<p style=\"text-align: justify;\">Ayer, 28 de julio los participantes visitaron el sector del Aguarico 4, en la provincia de Sucumb\u00edos y verificaron la contaminaci\u00f3n ambiental dejada luego de sus operaciones efectuadas de 1974 a 1986. Adem\u00e1s conocieron el pozo Yuca 6 verificando las afectaciones de la empresa. En estas zonas estuvieron acompa\u00f1ados por la Ministra del Ambiente, Lorea Tapia y la Embajadora ecuatoriana en EEUU, Nathalie Cely.<\/p>\n<p style=\"text-align: justify;\">Hoy, el encuentro se efect\u00faa en la ciudad de Quito.<\/p>\n<p style=\"text-align: justify;\">Para finalizar la reuni\u00f3n, el mi\u00e9rcoles 30 de julio, los visitantes conocer\u00e1n la zona de Pa\u00f1acocha en la que se abordar\u00e1 el tema las mejores pr\u00e1cticas, y la nueva tecnolog\u00eda desarrollada por Petroecuador en sus actividades Hidrocarbur\u00edferas.<\/p>\n","protected":false},"excerpt":{"rendered":"<p class=\"excerpt\">Hoy, en las instalaciones del Instituto Ecuatoriano de Desarrollo Empresarial (IDE), en Quito, el Ministerio del Ambiente (MAE) y la Embajada de Ecuador en EEUU inauguraron oficialmente el encuentro acad\u00e9mico internacional \u201cEncontrando el equilibrio en la Amazon\u00eda: Desarrollo Econ\u00f3mico, Derechos Humanos y Justicia Ambiental Pasado, Presente y Futuro\u201d. En esta reuni\u00f3n de expertos y cient\u00edficos de Ecuador y varios pa\u00edses&hellip; <a href=\"https:\/\/www.ambienteyenergia.gob.ec\/ambiente\/mae-y-embajada-de-ecuador-en-eeuu-inauguraron-encuentro-cientifico-academico-encontrando-el-equilibrio-en-la-amazonia\/\">Read more &rarr;<\/a><\/p>\n","protected":false},"author":13,"featured_media":21720,"comment_status":"open","ping_status":"open","sticky":false,"template":"","format":"standard","meta":{"footnotes":""},"categories":[16,4],"tags":[],"class_list":["post-21718","post","type-post","status-publish","format-standard","has-post-thumbnail","hentry","category-comunicamos","category-noticias","xfolkentry"],"_links":{"self":[{"href":"https:\/\/www.ambienteyenergia.gob.ec\/ambiente\/wp-json\/wp\/v2\/posts\/21718","targetHints":{"allow":["GET"]}}],"collection":[{"href":"https:\/\/www.ambienteyenergia.gob.ec\/ambiente\/wp-json\/wp\/v2\/posts"}],"about":[{"href":"https:\/\/www.ambienteyenergia.gob.ec\/ambiente\/wp-json\/wp\/v2\/types\/post"}],"author":[{"embeddable":true,"href":"https:\/\/www.ambienteyenergia.gob.ec\/ambiente\/wp-json\/wp\/v2\/users\/13"}],"replies":[{"embeddable":true,"href":"https:\/\/www.ambienteyenergia.gob.ec\/ambiente\/wp-json\/wp\/v2\/comments?post=21718"}],"version-history":[{"count":0,"href":"https:\/\/www.ambienteyenergia.gob.ec\/ambiente\/wp-json\/wp\/v2\/posts\/21718\/revisions"}],"wp:featuredmedia":[{"embeddable":true,"href":"https:\/\/www.ambienteyenergia.gob.ec\/ambiente\/wp-json\/wp\/v2\/media\/21720"}],"wp:attachment":[{"href":"https:\/\/www.ambienteyenergia.gob.ec\/ambiente\/wp-json\/wp\/v2\/media?parent=21718"}],"wp:term":[{"taxonomy":"category","embeddable":true,"href":"https:\/\/www.ambienteyenergia.gob.ec\/ambiente\/wp-json\/wp\/v2\/categories?post=21718"},{"taxonomy":"post_tag","embeddable":true,"href":"https:\/\/www.ambienteyenergia.gob.ec\/ambiente\/wp-json\/wp\/v2\/tags?post=21718"}],"curies":[{"name":"wp","href":"https:\/\/api.w.org\/{rel}","templated":true}]}}