{"id":21712,"date":"2014-07-29T11:14:36","date_gmt":"2014-07-29T16:14:36","guid":{"rendered":"http:\/\/www.ambiente.gob.ec\/?p=21712"},"modified":"2014-07-29T11:14:36","modified_gmt":"2014-07-29T16:14:36","slug":"mae-firma-convenio-de-legalizacion-de-tierras-en-manabi","status":"publish","type":"post","link":"https:\/\/www.ambienteyenergia.gob.ec\/ambiente\/mae-firma-convenio-de-legalizacion-de-tierras-en-manabi\/","title":{"rendered":"MAE firma convenio de legalizaci\u00f3n de tierras en Manab\u00ed"},"content":{"rendered":"<p style=\"margin-bottom: 0.35cm; line-height: 115%;\" align=\"JUSTIFY\"><span style=\"font-family: Arial,serif;\"><span style=\"font-size: medium;\"><span lang=\"zxx\">El Ministerio del Ambiente de Ecuador (MAE), a trav\u00e9s de la Direcci\u00f3n Provincial del Ambiente de Manab\u00ed, firm\u00f3 un acuerdo interinstitucional con los representantes del Gobierno Aut\u00f3nomo Descentralizado Parroquial de Barraganete del cant\u00f3n Pichincha, para la legalizaci\u00f3n de tierras que se encuentran ubicadas dentro del bosque protector Daule \u2013 Peripa.<\/span><\/span><\/span><\/p>\n<p style=\"margin-bottom: 0.35cm; line-height: 115%;\" align=\"JUSTIFY\"><span style=\"font-family: Arial,serif;\"><span style=\"font-size: medium;\"><span lang=\"zxx\">\u00c1ngelo Traverso, coordinador zonal 4 del MAE, explic\u00f3 que mediante el Acuerdo Ministerial N\u00b0 131, expedido el 8 de mayo de 1987, se declar\u00f3 bosque y vegetaci\u00f3n protectores, el \u00e1rea de 220 853,80 ubicadas en la cuenca del r\u00edo Daule \u2013 Peripa, donde se establecen los par\u00e1metros para la adjudicaci\u00f3n de tierras del patrimonio forestal del Estado, bosques y vegetaci\u00f3n protectores por parte del Ministerio del Ambiente.<\/span><\/span><\/span><\/p>\n<p style=\"margin-bottom: 0.35cm; line-height: 115%;\" align=\"JUSTIFY\"><span style=\"font-family: Arial,serif;\"><span style=\"font-size: medium;\"><span lang=\"zxx\">El funcionario, refiri\u00f3 adem\u00e1s que desde el a\u00f1o 2011 esta Secretar\u00eda de Estado est\u00e1 trabajando en la adjudicaci\u00f3n de tierras en beneficio de los agricultores de las 65 comunidades que tiene la parroquia, por medio de un trabajo mancomunado entre comuneros y autoridades parroquiales para la adjudicaci\u00f3n de tierras, lo que permitir\u00e1 mejorar la calidad de vida, pues podr\u00e1n ser beneficiarios de los programas que emprende el Gobierno una vez que posean las escrituras.<\/span><\/span><\/span><\/p>\n<p style=\"margin-bottom: 0.35cm; line-height: 115%;\" align=\"JUSTIFY\"><span style=\"font-family: Arial,serif;\"><span style=\"font-size: medium;\"><span lang=\"zxx\">De su parte los funcionarios del MAE, realizar\u00e1n inspecciones t\u00e9cnicas peri\u00f3dicas de los predios, con el fin lo lograr el cumplimiento de normas t\u00e9cnicas y procesos jur\u00eddicos para determinar el correcto funcionamiento de este acuerdo.<\/span><\/span><\/span><\/p>\n","protected":false},"excerpt":{"rendered":"<p class=\"excerpt\">El Ministerio del Ambiente de Ecuador (MAE), a trav\u00e9s de la Direcci\u00f3n Provincial del Ambiente de Manab\u00ed, firm\u00f3 un acuerdo interinstitucional con los representantes del Gobierno Aut\u00f3nomo Descentralizado Parroquial de Barraganete del cant\u00f3n Pichincha, para la legalizaci\u00f3n de tierras que se encuentran ubicadas dentro del bosque protector Daule \u2013 Peripa. \u00c1ngelo Traverso, coordinador zonal 4 del MAE, explic\u00f3 que mediante&hellip; <a href=\"https:\/\/www.ambienteyenergia.gob.ec\/ambiente\/mae-firma-convenio-de-legalizacion-de-tierras-en-manabi\/\">Read more &rarr;<\/a><\/p>\n","protected":false},"author":13,"featured_media":21713,"comment_status":"open","ping_status":"open","sticky":false,"template":"","format":"standard","meta":{"footnotes":""},"categories":[16,4],"tags":[],"class_list":["post-21712","post","type-post","status-publish","format-standard","has-post-thumbnail","hentry","category-comunicamos","category-noticias","xfolkentry"],"_links":{"self":[{"href":"https:\/\/www.ambienteyenergia.gob.ec\/ambiente\/wp-json\/wp\/v2\/posts\/21712","targetHints":{"allow":["GET"]}}],"collection":[{"href":"https:\/\/www.ambienteyenergia.gob.ec\/ambiente\/wp-json\/wp\/v2\/posts"}],"about":[{"href":"https:\/\/www.ambienteyenergia.gob.ec\/ambiente\/wp-json\/wp\/v2\/types\/post"}],"author":[{"embeddable":true,"href":"https:\/\/www.ambienteyenergia.gob.ec\/ambiente\/wp-json\/wp\/v2\/users\/13"}],"replies":[{"embeddable":true,"href":"https:\/\/www.ambienteyenergia.gob.ec\/ambiente\/wp-json\/wp\/v2\/comments?post=21712"}],"version-history":[{"count":0,"href":"https:\/\/www.ambienteyenergia.gob.ec\/ambiente\/wp-json\/wp\/v2\/posts\/21712\/revisions"}],"wp:featuredmedia":[{"embeddable":true,"href":"https:\/\/www.ambienteyenergia.gob.ec\/ambiente\/wp-json\/wp\/v2\/media\/21713"}],"wp:attachment":[{"href":"https:\/\/www.ambienteyenergia.gob.ec\/ambiente\/wp-json\/wp\/v2\/media?parent=21712"}],"wp:term":[{"taxonomy":"category","embeddable":true,"href":"https:\/\/www.ambienteyenergia.gob.ec\/ambiente\/wp-json\/wp\/v2\/categories?post=21712"},{"taxonomy":"post_tag","embeddable":true,"href":"https:\/\/www.ambienteyenergia.gob.ec\/ambiente\/wp-json\/wp\/v2\/tags?post=21712"}],"curies":[{"name":"wp","href":"https:\/\/api.w.org\/{rel}","templated":true}]}}