{"id":21702,"date":"2014-07-29T08:12:48","date_gmt":"2014-07-29T13:12:48","guid":{"rendered":"http:\/\/www.ambiente.gob.ec\/?p=21702"},"modified":"2014-07-29T08:38:41","modified_gmt":"2014-07-29T13:38:41","slug":"ecuador-sera-sede-del-primer-encuentro-regional-sobre-desarrollo-de-estrategias-nacionales-redd","status":"publish","type":"post","link":"https:\/\/www.ambienteyenergia.gob.ec\/ambiente\/ecuador-sera-sede-del-primer-encuentro-regional-sobre-desarrollo-de-estrategias-nacionales-redd\/","title":{"rendered":"Ecuador ser\u00e1 sede del primer encuentro regional sobre Desarrollo de Estrategias Nacionales REDD+"},"content":{"rendered":"<p style=\"text-align: justify;\">El Gobierno de la Rep\u00fablica del Ecuador, a trav\u00e9s del Ministerio del Ambiente y el Sistema de Naciones Unidas, a trav\u00e9s del Programa ONU-REDD, llevar\u00e1n adelante el Primer Intercambio Sur &#8211; Sur sobre \u201cDesarrollo de Estrategias Nacionales REDD+\u201d, evento que se realizar\u00e1 en Quito entre el 30 de Julio y el 1 de Agosto de 2014.<\/p>\n<p style=\"text-align: justify;\">Esta jornada de trabajo busca crear un espacio para el aprendizaje y el intercambio de experiencias entre los pa\u00edses de la regi\u00f3n, sobre el desarrollo de sus planes de acci\u00f3n o estrategias nacionales REDD+. Los objetivos planteados para este encuentro son:<br \/>\nObtener lecciones aprendidas y mejores pr\u00e1cticas en el desarrollo de planes de acci\u00f3n o estrategias nacionales REDD+.<\/p>\n<p style=\"text-align: justify;\">Conocer e intercambiar informaci\u00f3n sobre los aspectos t\u00e9cnicos, legales, institucionales, operativos y financieros que los pa\u00edses est\u00e1n trabajando para guiar el proceso de toma de decisiones informada en el desarrollo de sus planes de acci\u00f3n o estrategias nacionales REDD+.<\/p>\n<p style=\"text-align: justify;\">Identificar acciones espec\u00edficas que los pa\u00edses pueden implementar para impulsar el desarrollo de sus planes de acci\u00f3n o estrategias nacionales REDD+, tomando en cuenta los Acuerdos de Canc\u00fan, el marco de Varsovia para REDD+ y las experiencias nacionales.<\/p>\n<p style=\"text-align: justify;\">Este intercambio de experiencias entre pa\u00edses con distintos niveles de avance en el abordaje de estos aspectos es de particular importancia para fomentar su avance en la preparaci\u00f3n para la futura implementaci\u00f3n de REDD+. La apuesta es buscar que se beneficien tanto los pa\u00edses que se encuentran en un estado avanzado respecto de su preparaci\u00f3n para REDD+ (a trav\u00e9s de la discusi\u00f3n de insumos t\u00e9cnicos relevantes, posibles herramientas, enfoques y desaf\u00edos en com\u00fan), as\u00ed como para aquellos que est\u00e1n comenzando el proceso de preparaci\u00f3n para REDD+.<\/p>\n<p>Para ello se ha planteado como metodolog\u00eda trabajar en sesiones tem\u00e1ticas en las que se analizar\u00e1n enfoques de trabajo y otras ideas relacionadas con el desarrollo de los planes de acci\u00f3n o estrategias nacionales REDD+. Las sesiones tem\u00e1ticas se desarrollar\u00e1n en dos modalidades:<\/p>\n<p style=\"text-align: justify;\">Ponencias introductorias, seguidas de un panel en el que pa\u00edses espec\u00edficos presentan sus experiencias sobre la tem\u00e1tica y un espacio para preguntas y discusi\u00f3n.<br \/>\nTiene tambi\u00e9n un espacio inicial en el que se presentan una o m\u00e1s ponencias introductorias, a las que le seguir\u00e1n trabajos en grupo, reporte en plenaria y discusi\u00f3n.<\/p>\n<p style=\"text-align: justify;\">En este encuentro participar\u00e1n aquellos actores que est\u00e1n involucrados directamente en el desarrollo de los planes de acci\u00f3n o estrategias nacionales REDD+ en sus respectivos pa\u00edses. Se ha convocado a una delegaci\u00f3n por pa\u00eds que sea representativa del tipo de actores que participan en estos espacios de trabajo (gobierno, sociedad civil y especialistas en el tema). El evento reunir\u00e1 a cerca de 80 participantes de Argentina, Brasil, Colombia, Chile, Costa Rica, Ecuador, Guatemala, Guyana, Honduras, M\u00e9xico, Panam\u00e1, Paraguay, Per\u00fa y Surinam, y otros expertos internacionales.<\/p>\n<p>Para mayor informaci\u00f3n pueden comunicarse con Mar\u00eda del Carmen Garc\u00eda, Ministerio del Ambiente del Ecuador (mgarcia@ambiente.gob.ec); Fernando Pinel, ONU-REDD regional (fernando.pinel@undp.org) o Consuelo Espinosa, ONU-REDD Ecuador (cespinosa@pnc-onureddecuador.org).<\/p>\n<p style=\"text-align: justify;\">Todo el evento ser\u00e1 transmitido en vivo a trav\u00e9s del siguiente enlace: <a href=\"http:\/\/www.pnc-onureddecuador.org\/video-conferencia\"><em><strong>Transmisi\u00f3n en vivo<\/strong><\/em><\/a><\/p>\n","protected":false},"excerpt":{"rendered":"<p class=\"excerpt\">El Gobierno de la Rep\u00fablica del Ecuador, a trav\u00e9s del Ministerio del Ambiente y el Sistema de Naciones Unidas, a trav\u00e9s del Programa ONU-REDD, llevar\u00e1n adelante el Primer Intercambio Sur &#8211; Sur sobre \u201cDesarrollo de Estrategias Nacionales REDD+\u201d, evento que se realizar\u00e1 en Quito entre el 30 de Julio y el 1 de Agosto de 2014. Esta jornada de trabajo&hellip; <a href=\"https:\/\/www.ambienteyenergia.gob.ec\/ambiente\/ecuador-sera-sede-del-primer-encuentro-regional-sobre-desarrollo-de-estrategias-nacionales-redd\/\">Read more &rarr;<\/a><\/p>\n","protected":false},"author":13,"featured_media":21703,"comment_status":"open","ping_status":"open","sticky":false,"template":"","format":"standard","meta":{"footnotes":""},"categories":[16,4],"tags":[],"class_list":["post-21702","post","type-post","status-publish","format-standard","has-post-thumbnail","hentry","category-comunicamos","category-noticias","xfolkentry"],"_links":{"self":[{"href":"https:\/\/www.ambienteyenergia.gob.ec\/ambiente\/wp-json\/wp\/v2\/posts\/21702","targetHints":{"allow":["GET"]}}],"collection":[{"href":"https:\/\/www.ambienteyenergia.gob.ec\/ambiente\/wp-json\/wp\/v2\/posts"}],"about":[{"href":"https:\/\/www.ambienteyenergia.gob.ec\/ambiente\/wp-json\/wp\/v2\/types\/post"}],"author":[{"embeddable":true,"href":"https:\/\/www.ambienteyenergia.gob.ec\/ambiente\/wp-json\/wp\/v2\/users\/13"}],"replies":[{"embeddable":true,"href":"https:\/\/www.ambienteyenergia.gob.ec\/ambiente\/wp-json\/wp\/v2\/comments?post=21702"}],"version-history":[{"count":0,"href":"https:\/\/www.ambienteyenergia.gob.ec\/ambiente\/wp-json\/wp\/v2\/posts\/21702\/revisions"}],"wp:featuredmedia":[{"embeddable":true,"href":"https:\/\/www.ambienteyenergia.gob.ec\/ambiente\/wp-json\/wp\/v2\/media\/21703"}],"wp:attachment":[{"href":"https:\/\/www.ambienteyenergia.gob.ec\/ambiente\/wp-json\/wp\/v2\/media?parent=21702"}],"wp:term":[{"taxonomy":"category","embeddable":true,"href":"https:\/\/www.ambienteyenergia.gob.ec\/ambiente\/wp-json\/wp\/v2\/categories?post=21702"},{"taxonomy":"post_tag","embeddable":true,"href":"https:\/\/www.ambienteyenergia.gob.ec\/ambiente\/wp-json\/wp\/v2\/tags?post=21702"}],"curies":[{"name":"wp","href":"https:\/\/api.w.org\/{rel}","templated":true}]}}