{"id":21699,"date":"2014-07-28T18:45:32","date_gmt":"2014-07-28T23:45:32","guid":{"rendered":"http:\/\/www.ambiente.gob.ec\/?p=21699"},"modified":"2014-07-28T18:45:32","modified_gmt":"2014-07-28T23:45:32","slug":"expertos-y-cientificos-participantes-del-evento-encontrando-el-equilibrio-en-la-amazonia-constataron-contaminacion-de-chevron-en-aguarico-4","status":"publish","type":"post","link":"https:\/\/www.ambienteyenergia.gob.ec\/ambiente\/expertos-y-cientificos-participantes-del-evento-encontrando-el-equilibrio-en-la-amazonia-constataron-contaminacion-de-chevron-en-aguarico-4\/","title":{"rendered":"Expertos y cient\u00edficos participantes del evento \u201cEncontrando el equilibrio en la Amazon\u00eda\u201d constataron contaminaci\u00f3n de Chevron en Aguarico 4"},"content":{"rendered":"<p style=\"text-align: justify;\">Hoy, el grupo de expertos y cient\u00edficos nacionales e internacionales que son parte de la reuni\u00f3n \u201cEncontrando el equilibrio en la Amazon\u00eda: Desarrollo Econ\u00f3mico, Derechos Humanos y Justicia ambiental-Pasado, presente y futuro\u201d, visitaron el sector del Aguarico 4, en la provincia de Sucumb\u00edos, donde pudieron constatar la contaminaci\u00f3n ambiental dejada por Texaco-Chevron, luego de sus operaciones efectuadas de 1974 a 1986, adem\u00e1s se visit\u00f3 el pozo Yuca 6 verificando las afectaciones de la empresa.<\/p>\n<p style=\"text-align: justify;\">En esta zona estuvieron acompa\u00f1ados por la Ministra del Ambiente, Lorea Tapia y la Embajadora ecuatoriana en EEUU, Nathalie Cely. La M\u00e1xima Autoridad Ambiental explic\u00f3 que el Gobierno ecuatoriano ya ha identificado las acciones que se deber\u00e1n aplicar para la remediaci\u00f3n ambiental.<\/p>\n<p style=\"text-align: justify;\">En ese sentido, aclar\u00f3 que el Ecuador tiene todos los argumentos para denunciar las malas pr\u00e1cticas ambientales causadas por la compa\u00f1\u00eda estadounidense Texaco-Chevron, y recalc\u00f3 que el Ministerio del Ambiente (MAE) es una instituci\u00f3n firme en cuanto a las exigencias para el cumplimiento de las normativas ambientales.<\/p>\n<p style=\"text-align: justify;\"><strong>Evento acad\u00e9mico- internacional \u201cEncontrando el equilibrio en la Amazon\u00eda\u201d<\/strong><\/p>\n<p style=\"text-align: justify;\">Del 28 al 30 de julio, el Ministerio del Ambiente (MAE) y la Embajada de Ecuador en Estados Unidos realizaran el evento denominado \u201cEncontrando el equilibrio en la Amazon\u00eda: Desarrollo Econ\u00f3mico, Derechos Humanos y Justicia ambiental &#8211; Pasado, presente y futuro\u201d. Reconocidos expertos ecuatorianos y de varios pa\u00edses del mundo se reunir\u00e1n durante estos tres d\u00edas para examinar las implicaciones de la justicia ambiental y los derechos humanos, en el contexto de la inversi\u00f3n sostenible y la responsabilidad corporativa.<\/p>\n<p style=\"text-align: justify;\">Esta reuni\u00f3n de alto nivel acad\u00e9mico se centrar\u00e1 en la b\u00fasqueda de soluciones a las problem\u00e1ticas mencionadas y en la estructuraci\u00f3n de pol\u00edticas p\u00fablicas que aseguren justicia ambiental, los derechos de las poblaciones ind\u00edgenas, y la responsabilidad de las empresas para que cumplan con normas y est\u00e1ndares internacionales.<\/p>\n<p style=\"text-align: justify;\">\u201cEntre los objetivos de este encuentro est\u00e1n establecer nuevos contactos influyentes y con excelente reputaci\u00f3n, particularmente en los Estados Unidos; generar inter\u00e9s e informar a estas personalidades sobre la contaminaci\u00f3n dejada por Chevron; y demostrar el liderazgo y compromiso del Ecuador con la justicia ambiental, el desarrollo sostenible y la protecci\u00f3n de los pueblos ind\u00edgenas del pa\u00eds\u201d, resalt\u00f3 la Ministra del Ambiente, Lorena Tapia.<\/p>\n<p style=\"text-align: justify;\">\u00a0<strong>Agenda<\/strong><\/p>\n<p style=\"text-align: justify;\">Hoy 28 de julio los participantes visitaron el sector del Aguarico 4, en la provincia de Sucumb\u00edos.<\/p>\n<p style=\"text-align: justify;\">Ma\u00f1ana 29 de julio, el encuentro se efectuar\u00e1 en la ciudad de Quito, en las instalaciones del Instituto Ecuatoriano de Desarrollo Empresarial (IDE). Este d\u00eda se realizar\u00e1 la inauguraci\u00f3n oficial del evento con la presencia de varias autoridades.<\/p>\n<p style=\"text-align: justify;\">Adem\u00e1s, se llevar\u00e1n a cabo conferencias tem\u00e1ticas que consisten en una serie de presentaciones acad\u00e9micas, especializadas y mesas redondas.En estas se intercambiar\u00e1n ideas, opiniones y sugerencias. Este formato permitir\u00e1 a los participantes interactuar de manera especializada y profesional sobre los temas en discusi\u00f3n.<\/p>\n<p style=\"text-align: justify;\">Para finalizar la reuni\u00f3n, el mi\u00e9rcoles 30 de julio, los visitantes conocer\u00e1n la zona de Pa\u00f1acocha en la que se abordar\u00e1 el tema las mejores pr\u00e1cticas, y la nueva tecnolog\u00eda desarrollada por Petroecuador en sus actividades hidrocarbur\u00edferas.<\/p>\n<p>&nbsp;<\/p>\n","protected":false},"excerpt":{"rendered":"<p class=\"excerpt\">Hoy, el grupo de expertos y cient\u00edficos nacionales e internacionales que son parte de la reuni\u00f3n \u201cEncontrando el equilibrio en la Amazon\u00eda: Desarrollo Econ\u00f3mico, Derechos Humanos y Justicia ambiental-Pasado, presente y futuro\u201d, visitaron el sector del Aguarico 4, en la provincia de Sucumb\u00edos, donde pudieron constatar la contaminaci\u00f3n ambiental dejada por Texaco-Chevron, luego de sus operaciones efectuadas de 1974 a&hellip; <a href=\"https:\/\/www.ambienteyenergia.gob.ec\/ambiente\/expertos-y-cientificos-participantes-del-evento-encontrando-el-equilibrio-en-la-amazonia-constataron-contaminacion-de-chevron-en-aguarico-4\/\">Read more &rarr;<\/a><\/p>\n","protected":false},"author":13,"featured_media":21700,"comment_status":"open","ping_status":"open","sticky":false,"template":"","format":"standard","meta":{"footnotes":""},"categories":[16,4],"tags":[],"class_list":["post-21699","post","type-post","status-publish","format-standard","has-post-thumbnail","hentry","category-comunicamos","category-noticias","xfolkentry"],"_links":{"self":[{"href":"https:\/\/www.ambienteyenergia.gob.ec\/ambiente\/wp-json\/wp\/v2\/posts\/21699","targetHints":{"allow":["GET"]}}],"collection":[{"href":"https:\/\/www.ambienteyenergia.gob.ec\/ambiente\/wp-json\/wp\/v2\/posts"}],"about":[{"href":"https:\/\/www.ambienteyenergia.gob.ec\/ambiente\/wp-json\/wp\/v2\/types\/post"}],"author":[{"embeddable":true,"href":"https:\/\/www.ambienteyenergia.gob.ec\/ambiente\/wp-json\/wp\/v2\/users\/13"}],"replies":[{"embeddable":true,"href":"https:\/\/www.ambienteyenergia.gob.ec\/ambiente\/wp-json\/wp\/v2\/comments?post=21699"}],"version-history":[{"count":0,"href":"https:\/\/www.ambienteyenergia.gob.ec\/ambiente\/wp-json\/wp\/v2\/posts\/21699\/revisions"}],"wp:featuredmedia":[{"embeddable":true,"href":"https:\/\/www.ambienteyenergia.gob.ec\/ambiente\/wp-json\/wp\/v2\/media\/21700"}],"wp:attachment":[{"href":"https:\/\/www.ambienteyenergia.gob.ec\/ambiente\/wp-json\/wp\/v2\/media?parent=21699"}],"wp:term":[{"taxonomy":"category","embeddable":true,"href":"https:\/\/www.ambienteyenergia.gob.ec\/ambiente\/wp-json\/wp\/v2\/categories?post=21699"},{"taxonomy":"post_tag","embeddable":true,"href":"https:\/\/www.ambienteyenergia.gob.ec\/ambiente\/wp-json\/wp\/v2\/tags?post=21699"}],"curies":[{"name":"wp","href":"https:\/\/api.w.org\/{rel}","templated":true}]}}