{"id":21689,"date":"2014-07-28T10:57:19","date_gmt":"2014-07-28T15:57:19","guid":{"rendered":"http:\/\/www.ambiente.gob.ec\/?p=21689"},"modified":"2014-07-28T10:57:19","modified_gmt":"2014-07-28T15:57:19","slug":"inicia-proceso-para-establecer-un-sistema-de-zonificacion-integrado-de-las-areas-protegidas-de-galapagos","status":"publish","type":"post","link":"https:\/\/www.ambienteyenergia.gob.ec\/ambiente\/inicia-proceso-para-establecer-un-sistema-de-zonificacion-integrado-de-las-areas-protegidas-de-galapagos\/","title":{"rendered":"Inicia proceso para establecer un sistema de zonificaci\u00f3n integrado de las \u00e1reas protegidas de Gal\u00e1pagos"},"content":{"rendered":"<p style=\"text-align: justify;\">El Ministerio del Ambiente, a trav\u00e9s de la Direcci\u00f3n del Parque Nacional Gal\u00e1pagos (DPNG), inici\u00f3 el proceso para establecer el sistema de zonificaci\u00f3n de las \u00e1reas naturales protegidas del archipi\u00e9lago, como un mecanismo para contribuir con el ordenamiento territorial. Esta acci\u00f3n permitir\u00e1 construir un puente en la relaci\u00f3n \u00abeconom\u00eda, sociedad y naturaleza\u00bb, con el fin de satisfacer las necesidades de la poblaci\u00f3n local a trav\u00e9s de un uso racional y sostenible de los servicios ambientales, que generan los ecosistemas, para garantizar el Buen Vivir de los galapague\u00f1os, as\u00ed como de la sociedad en general.<\/p>\n<p>Este sistema de zonificaci\u00f3n responder\u00e1 a las directrices establecidas en el Plan de Manejo de las \u00c1reas Protegidas de Gal\u00e1pagos para el Buen Vivir, que integra el \u00e1rea marina y terrestre del archipi\u00e9lago en un solo documento de gesti\u00f3n.<\/p>\n<p>En la primera fase del proceso, la DPNG ha mantenido reuniones con sus socios estrat\u00e9gicos el Ministerio de Turismo; Ministerio de Agricultura, Ganader\u00eda, Acuacultura y Pesca; Agencia de Regulaci\u00f3n y Control de la Bioseguridad y Cuarentena para Gal\u00e1pagos (ABG); Consejo de Gobierno del R\u00e9gimen Especial de Gal\u00e1pagos; y Gobierno Aut\u00f3nomo Descentralizado Municipal de Santa Cruz. Estas instituciones han designado puntos focales con los que se conforma el grupo n\u00facleo t\u00e9cnico que participar\u00e1 en todas las fases del proceso.<\/p>\n<p>El proyecto que consta de tres fases: preparaci\u00f3n, diagn\u00f3stico y caracterizaci\u00f3n; estar\u00e1 enmarcado desde las directrices propuestas en el plan de Ordenamiento Territorial y Desarrollo Sustentable del R\u00e9gimen Especial de Gal\u00e1pagos, que est\u00e1 siendo elaborado por el Consejo de Gobierno.<\/p>\n<p>En los pr\u00f3ximos d\u00edas, la DPNG se reunir\u00e1 con las Organizaciones No Gubernamentales para compartir la informaci\u00f3n relacionada con este proceso, de igual manera se realizar\u00e1 talleres de capacitaci\u00f3n con guardaparques para reforzar los conceptos implementados en esta etapa; y posteriormente trabajar en procesos de participaci\u00f3n con los diferentes usuarios.<\/p>\n","protected":false},"excerpt":{"rendered":"<p class=\"excerpt\">El Ministerio del Ambiente, a trav\u00e9s de la Direcci\u00f3n del Parque Nacional Gal\u00e1pagos (DPNG), inici\u00f3 el proceso para establecer el sistema de zonificaci\u00f3n de las \u00e1reas naturales protegidas del archipi\u00e9lago, como un mecanismo para contribuir con el ordenamiento territorial. Esta acci\u00f3n permitir\u00e1 construir un puente en la relaci\u00f3n \u00abeconom\u00eda, sociedad y naturaleza\u00bb, con el fin de satisfacer las necesidades de&hellip; <a href=\"https:\/\/www.ambienteyenergia.gob.ec\/ambiente\/inicia-proceso-para-establecer-un-sistema-de-zonificacion-integrado-de-las-areas-protegidas-de-galapagos\/\">Read more &rarr;<\/a><\/p>\n","protected":false},"author":13,"featured_media":21691,"comment_status":"open","ping_status":"open","sticky":false,"template":"","format":"standard","meta":{"footnotes":""},"categories":[16,4],"tags":[],"class_list":["post-21689","post","type-post","status-publish","format-standard","has-post-thumbnail","hentry","category-comunicamos","category-noticias","xfolkentry"],"_links":{"self":[{"href":"https:\/\/www.ambienteyenergia.gob.ec\/ambiente\/wp-json\/wp\/v2\/posts\/21689","targetHints":{"allow":["GET"]}}],"collection":[{"href":"https:\/\/www.ambienteyenergia.gob.ec\/ambiente\/wp-json\/wp\/v2\/posts"}],"about":[{"href":"https:\/\/www.ambienteyenergia.gob.ec\/ambiente\/wp-json\/wp\/v2\/types\/post"}],"author":[{"embeddable":true,"href":"https:\/\/www.ambienteyenergia.gob.ec\/ambiente\/wp-json\/wp\/v2\/users\/13"}],"replies":[{"embeddable":true,"href":"https:\/\/www.ambienteyenergia.gob.ec\/ambiente\/wp-json\/wp\/v2\/comments?post=21689"}],"version-history":[{"count":0,"href":"https:\/\/www.ambienteyenergia.gob.ec\/ambiente\/wp-json\/wp\/v2\/posts\/21689\/revisions"}],"wp:featuredmedia":[{"embeddable":true,"href":"https:\/\/www.ambienteyenergia.gob.ec\/ambiente\/wp-json\/wp\/v2\/media\/21691"}],"wp:attachment":[{"href":"https:\/\/www.ambienteyenergia.gob.ec\/ambiente\/wp-json\/wp\/v2\/media?parent=21689"}],"wp:term":[{"taxonomy":"category","embeddable":true,"href":"https:\/\/www.ambienteyenergia.gob.ec\/ambiente\/wp-json\/wp\/v2\/categories?post=21689"},{"taxonomy":"post_tag","embeddable":true,"href":"https:\/\/www.ambienteyenergia.gob.ec\/ambiente\/wp-json\/wp\/v2\/tags?post=21689"}],"curies":[{"name":"wp","href":"https:\/\/api.w.org\/{rel}","templated":true}]}}