{"id":21677,"date":"2014-07-28T08:17:44","date_gmt":"2014-07-28T13:17:44","guid":{"rendered":"http:\/\/www.ambiente.gob.ec\/?p=21677"},"modified":"2014-07-28T08:17:44","modified_gmt":"2014-07-28T13:17:44","slug":"asociacion-de-camaroneros-entrego-areas-reforestadas-con-mangle-al-ministerio-del-ambiente-mae","status":"publish","type":"post","link":"https:\/\/www.ambienteyenergia.gob.ec\/ambiente\/asociacion-de-camaroneros-entrego-areas-reforestadas-con-mangle-al-ministerio-del-ambiente-mae\/","title":{"rendered":"Asociaci\u00f3n de Camaroneros entreg\u00f3 \u00e1reas reforestadas con mangle al Ministerio del Ambiente (MAE)"},"content":{"rendered":"<p style=\"margin-bottom: 0cm; text-align: justify;\" align=\"JUSTIFY\"><span lang=\"es-EC\">El Ministerio del Ambiente (MAE) recibi\u00f3 109, 66 hect\u00e1reas de \u00e1rea reforestada con mangle en Isla Las Huacas, sector de Isla Dulce, provincia de El Oro, gracias al trabajo mancomunado de las cinco Asociaci\u00f3n de Productores Camaroneros Fronterizos (ASOCAM), y de comuneros de la zona. <\/span><\/p>\n<p lang=\"es-EC\" style=\"margin-bottom: 0cm; text-align: justify;\" align=\"JUSTIFY\">\n<p style=\"margin-bottom: 0cm; text-align: justify;\" align=\"JUSTIFY\"><span lang=\"es-EC\">El representante del MAE, Xavier Santill\u00e1n, Director de Gesti\u00f3n y Coordinaci\u00f3n Marina y Costera (Subrogante) de la Subsecretar\u00eda De Gesti\u00f3n Marina y Costera (SGMC), firm\u00f3 el acta de entrega y recepci\u00f3n del \u00e1rea reforestada. \u201cPara el esta Cartera de Estado es una gran satisfacci\u00f3n ser parte de esta labor en pro del cuidado y conservaci\u00f3n del ecosistema marino costero\u201d, recalc\u00f3. <\/span><\/p>\n<p lang=\"es-EC\" style=\"margin-bottom: 0cm; text-align: justify;\" align=\"JUSTIFY\">\n<p style=\"margin-bottom: 0cm; text-align: justify;\" align=\"JUSTIFY\"><span lang=\"es-EC\">La ceremonia de entrega cont\u00f3 con la presencia de los representantes de diferentes instituciones como la C\u00e1mara de Productores de Camar\u00f3n de El Oro (CPC El Oro), ASOCAM, Asociaci\u00f3n de Productores de Camar\u00f3n (APROCAM), Cooperativa de Producci\u00f3n Pesquera Huaquillas (SPH), Cooperativa de Producci\u00f3n Pesquera Hualtaco (CH), representantes de la Armada Nacional, Autoridades locales y provinciales.<\/span><\/p>\n<p lang=\"es-EC\" style=\"margin-bottom: 0cm; text-align: justify;\" align=\"JUSTIFY\">\n<p style=\"margin-bottom: 0cm; text-align: justify;\" align=\"JUSTIFY\">\n<p style=\"margin-bottom: 0cm; text-align: justify;\" align=\"JUSTIFY\"><strong><span lang=\"es-EC\">El Mangle<\/span><\/strong><\/p>\n<p lang=\"es-EC\" style=\"margin-bottom: 0cm; text-align: justify;\" align=\"JUSTIFY\">\n<p style=\"margin-bottom: 0cm; text-align: justify;\" align=\"JUSTIFY\"><span lang=\"es-EC\">El mangle es un arbusto o \u00e1rbol de tres a cuatro metros de altura, aunque a veces alcanza 15 metros o m\u00e1s. De sus ramas largas y extendidas descienden v\u00e1stagos hasta tocar el suelo y se arraigan en \u00e9l. Esta planta en muy com\u00fan de las regiones costeras y constituye la base para que muchas otras especies de plantas y, sobre todo, son el h\u00e1bitat de animales como peces y moluscos. <\/span><\/p>\n","protected":false},"excerpt":{"rendered":"<p class=\"excerpt\">El Ministerio del Ambiente (MAE) recibi\u00f3 109, 66 hect\u00e1reas de \u00e1rea reforestada con mangle en Isla Las Huacas, sector de Isla Dulce, provincia de El Oro, gracias al trabajo mancomunado de las cinco Asociaci\u00f3n de Productores Camaroneros Fronterizos (ASOCAM), y de comuneros de la zona. El representante del MAE, Xavier Santill\u00e1n, Director de Gesti\u00f3n y Coordinaci\u00f3n Marina y Costera (Subrogante)&hellip; <a href=\"https:\/\/www.ambienteyenergia.gob.ec\/ambiente\/asociacion-de-camaroneros-entrego-areas-reforestadas-con-mangle-al-ministerio-del-ambiente-mae\/\">Read more &rarr;<\/a><\/p>\n","protected":false},"author":13,"featured_media":21678,"comment_status":"open","ping_status":"open","sticky":false,"template":"","format":"standard","meta":{"footnotes":""},"categories":[16,4],"tags":[],"class_list":["post-21677","post","type-post","status-publish","format-standard","has-post-thumbnail","hentry","category-comunicamos","category-noticias","xfolkentry"],"_links":{"self":[{"href":"https:\/\/www.ambienteyenergia.gob.ec\/ambiente\/wp-json\/wp\/v2\/posts\/21677","targetHints":{"allow":["GET"]}}],"collection":[{"href":"https:\/\/www.ambienteyenergia.gob.ec\/ambiente\/wp-json\/wp\/v2\/posts"}],"about":[{"href":"https:\/\/www.ambienteyenergia.gob.ec\/ambiente\/wp-json\/wp\/v2\/types\/post"}],"author":[{"embeddable":true,"href":"https:\/\/www.ambienteyenergia.gob.ec\/ambiente\/wp-json\/wp\/v2\/users\/13"}],"replies":[{"embeddable":true,"href":"https:\/\/www.ambienteyenergia.gob.ec\/ambiente\/wp-json\/wp\/v2\/comments?post=21677"}],"version-history":[{"count":0,"href":"https:\/\/www.ambienteyenergia.gob.ec\/ambiente\/wp-json\/wp\/v2\/posts\/21677\/revisions"}],"wp:featuredmedia":[{"embeddable":true,"href":"https:\/\/www.ambienteyenergia.gob.ec\/ambiente\/wp-json\/wp\/v2\/media\/21678"}],"wp:attachment":[{"href":"https:\/\/www.ambienteyenergia.gob.ec\/ambiente\/wp-json\/wp\/v2\/media?parent=21677"}],"wp:term":[{"taxonomy":"category","embeddable":true,"href":"https:\/\/www.ambienteyenergia.gob.ec\/ambiente\/wp-json\/wp\/v2\/categories?post=21677"},{"taxonomy":"post_tag","embeddable":true,"href":"https:\/\/www.ambienteyenergia.gob.ec\/ambiente\/wp-json\/wp\/v2\/tags?post=21677"}],"curies":[{"name":"wp","href":"https:\/\/api.w.org\/{rel}","templated":true}]}}