{"id":21671,"date":"2014-07-26T11:50:49","date_gmt":"2014-07-26T16:50:49","guid":{"rendered":"http:\/\/www.ambiente.gob.ec\/?p=21671"},"modified":"2014-07-26T11:50:49","modified_gmt":"2014-07-26T16:50:49","slug":"franceses-inician-trabajo-para-avanzar-en-descontaminacion-del-estero-salado","status":"publish","type":"post","link":"https:\/\/www.ambienteyenergia.gob.ec\/ambiente\/franceses-inician-trabajo-para-avanzar-en-descontaminacion-del-estero-salado\/","title":{"rendered":"Franceses inician trabajo para avanzar en descontaminaci\u00f3n del Estero Salado"},"content":{"rendered":"<div style=\"color: rgb(0, 0, 0); text-align: justify;\">La delegaci\u00f3n francesa de INSA LYON-PROVADEMSE que trabaja en la descontaminaci\u00f3n del Estero Salado de la mano del Ministerio del Ambiente arrib\u00f3 a Guayaquil. La delegaci\u00f3n est\u00e1 constituida por el Prof. Jacques Mehu, Ingeniera Lorena Gonz\u00e1lez, In. Mohamed Abdelghafour, e Ing. Nicolas Verjat.<\/div>\n<div style=\"color: rgb(0, 0, 0); text-align: justify;\"><\/div>\n<div style=\"color: rgb(0, 0, 0); text-align: justify;\">Parte de su agenda fue mantener una reuni\u00f3n de planificaci\u00f3n con el Subsecretario de Gesti\u00f3n Marino Costera Eliecer Cruz y personal del departamento jur\u00eddico para ultimar detalles de \u00a0su trabajo en El Estero Las Ranas. Luego se reunieron con representantes de la empresa Biox que \u00a0realiza la parte operativa de la toma de muestras en el Estero las Ranas, las que\u00a0ser\u00e1n enviadas a Francia para ser analizadas y en las cuales se probar\u00e1n distintas t\u00e9cnicas de remediaci\u00f3n que ser\u00e1n en su momento aplicadas a remediar los sedimentos del \u00a0Estero Salado.<\/div>\n<div style=\"color: rgb(0, 0, 0); text-align: justify;\"><\/div>\n<div style=\"color: rgb(0, 0, 0); text-align: justify;\">Tambi\u00e9n hicieron una visita al campo al Estero \u00a0las Ranas y el Estero Palanqueado con el personal de Guayaquil Ecol\u00f3gico-MAE para reconocer el lugar de trabajo y conversaron con los habitantes de la zona, para conocer \u00a0sobre algunos aspectos hist\u00f3ricos del estero en estas zonas.<\/div>\n<div style=\"color: rgb(0, 0, 0); text-align: justify;\"><\/div>\n<div style=\"color: rgb(0, 0, 0); text-align: justify;\">Durante su visita tambi\u00e9n recabaron m\u00e1s detalles sobre todos los estudios que se han realizado en el Estero Salado y los datos t\u00e9cnicos y resultados obtenidos en estos y as\u00ed poder realizar una comparaci\u00f3n con los estudios m\u00e1s recientes. Personal del Proyecto Guayaquil-Ecol\u00f3gico \u00a0realiz\u00f3 una exposici\u00f3n a la delegaci\u00f3n francesa sobre los resultados en estudios anteriores obtenidos y los m\u00e1s recientes.<\/div>\n<div style=\"color: rgb(0, 0, 0); text-align: justify;\"><\/div>\n<div style=\"color: rgb(0, 0, 0); text-align: justify;\"><span style=\"color: rgb(0, 0, 0);\">El d\u00eda\u00a0<span id=\"OBJ_PREFIX_DWT71_com_zimbra_date\" class=\"Object\">jueves<\/span>\u00a024 y\u00a0<span id=\"OBJ_PREFIX_DWT72_com_zimbra_date\" class=\"Object\">viernes<\/span>\u00a025 estuvieron en el Estero Las Ranas junto con el personal de la empresa Biox dirigiendo la toma de muestras, clasificaci\u00f3n y su preparaci\u00f3n para ser enviadas a Francia, as\u00ed mismo tuvieron la oportunidad de conversar con los moradores de la zona quienes dieron su apoyo al proceso. La delegaci\u00f3n tiene previsto permanecer en Guayaquil hasta el pr\u00f3ximo\u00a0<span id=\"OBJ_PREFIX_DWT73_com_zimbra_date\" class=\"Object\">jueves<\/span>\u00a031.<\/span><\/div>\n","protected":false},"excerpt":{"rendered":"<p class=\"excerpt\">La delegaci\u00f3n francesa de INSA LYON-PROVADEMSE que trabaja en la descontaminaci\u00f3n del Estero Salado de la mano del Ministerio del Ambiente arrib\u00f3 a Guayaquil. La delegaci\u00f3n est\u00e1 constituida por el Prof. Jacques Mehu, Ingeniera Lorena Gonz\u00e1lez, In. Mohamed Abdelghafour, e Ing. Nicolas Verjat. Parte de su agenda fue mantener una reuni\u00f3n de planificaci\u00f3n con el Subsecretario de Gesti\u00f3n Marino Costera&hellip; <a href=\"https:\/\/www.ambienteyenergia.gob.ec\/ambiente\/franceses-inician-trabajo-para-avanzar-en-descontaminacion-del-estero-salado\/\">Read more &rarr;<\/a><\/p>\n","protected":false},"author":13,"featured_media":21672,"comment_status":"open","ping_status":"open","sticky":false,"template":"","format":"standard","meta":{"footnotes":""},"categories":[16,4],"tags":[526,76,108,53,527],"class_list":["post-21671","post","type-post","status-publish","format-standard","has-post-thumbnail","hentry","category-comunicamos","category-noticias","tag-delegacion-francesa","tag-estero-salado","tag-lorena-tapia","tag-mae","tag-recuperacion-estero-salado","xfolkentry"],"_links":{"self":[{"href":"https:\/\/www.ambienteyenergia.gob.ec\/ambiente\/wp-json\/wp\/v2\/posts\/21671","targetHints":{"allow":["GET"]}}],"collection":[{"href":"https:\/\/www.ambienteyenergia.gob.ec\/ambiente\/wp-json\/wp\/v2\/posts"}],"about":[{"href":"https:\/\/www.ambienteyenergia.gob.ec\/ambiente\/wp-json\/wp\/v2\/types\/post"}],"author":[{"embeddable":true,"href":"https:\/\/www.ambienteyenergia.gob.ec\/ambiente\/wp-json\/wp\/v2\/users\/13"}],"replies":[{"embeddable":true,"href":"https:\/\/www.ambienteyenergia.gob.ec\/ambiente\/wp-json\/wp\/v2\/comments?post=21671"}],"version-history":[{"count":0,"href":"https:\/\/www.ambienteyenergia.gob.ec\/ambiente\/wp-json\/wp\/v2\/posts\/21671\/revisions"}],"wp:featuredmedia":[{"embeddable":true,"href":"https:\/\/www.ambienteyenergia.gob.ec\/ambiente\/wp-json\/wp\/v2\/media\/21672"}],"wp:attachment":[{"href":"https:\/\/www.ambienteyenergia.gob.ec\/ambiente\/wp-json\/wp\/v2\/media?parent=21671"}],"wp:term":[{"taxonomy":"category","embeddable":true,"href":"https:\/\/www.ambienteyenergia.gob.ec\/ambiente\/wp-json\/wp\/v2\/categories?post=21671"},{"taxonomy":"post_tag","embeddable":true,"href":"https:\/\/www.ambienteyenergia.gob.ec\/ambiente\/wp-json\/wp\/v2\/tags?post=21671"}],"curies":[{"name":"wp","href":"https:\/\/api.w.org\/{rel}","templated":true}]}}