{"id":21668,"date":"2014-07-26T09:16:17","date_gmt":"2014-07-26T14:16:17","guid":{"rendered":"http:\/\/www.ambiente.gob.ec\/?p=21668"},"modified":"2014-08-01T09:07:04","modified_gmt":"2014-08-01T14:07:04","slug":"mae-conmemora-el-dia-internacional-de-defensa-del-manglar","status":"publish","type":"post","link":"https:\/\/www.ambienteyenergia.gob.ec\/ambiente\/mae-conmemora-el-dia-internacional-de-defensa-del-manglar\/","title":{"rendered":"MAE conmemora el D\u00eda Internacional de Defensa del Manglar"},"content":{"rendered":"<p style=\"text-align: justify;\">El manglar es un punto de uni\u00f3n entre ambientes marinos y terrestres, por esta raz\u00f3n se constituye como un ecosistema de alta productividad primaria, tanto por el fitoplancton como el bosque de manglar, lo que ha producido una comunidad compleja y biodiversa incre\u00edble de animales, plantas, moluscos, consider\u00e1ndolo como una de las cinco unidades ecol\u00f3gicas m\u00e1s productivas del mundo, de gran importancia nacional.<\/p>\n<p style=\"text-align: justify;\">La destrucci\u00f3n de este emblem\u00e1tico ecosistema no solo significa la perdida de biodiversidad, sino tambi\u00e9n, y sobre todo, acent\u00faa la pobreza, agudiza la migraci\u00f3n y marginaci\u00f3n de las poblaciones locales que ancestralmente han sobrevivido sobre la base de los productos y servicios que obtienes, de forma sostenible y equilibrada de este \u00e1rea natural.<\/p>\n<p style=\"text-align: justify;\">Es por tal motivo, que al conmemorarse un a\u00f1o m\u00e1s del D\u00eda Internacional de Defensa del Manglar, este 26 de julio, el Ministerio del Ambiente de Ecuador (MAE) destaca acciones emprendidas a lo largo de todo el perfil costanero del pa\u00eds, mediante la expedici\u00f3n de Acuerdos de Uso Sustentable y Custodia de Manglar a Usuarios Ancestrales, con el fin de conservar este ecosistema en el marco del desarrollo de un Ecuador Verde.<\/p>\n<p style=\"text-align: justify;\">A lo largo de los a\u00f1os, y de manera mancomunada, esta Cartera de Estado ha venido realizando un sinn\u00famero de acciones encaminadas al manejo y conservaci\u00f3n sostenible, por medio de Planes de Manejo, con lo que se ha logrado proteger un gran n\u00famero de hect\u00e1reas de manglar mediante la suscripci\u00f3n de Acuerdos de Uso Sustentable y Custodia de Manglar, entregados al mismo n\u00famero de organizaciones, en las provincias de El Oro, Santa Elena, Guayas, Manab\u00ed y Esmeraldas.<\/p>\n<p style=\"text-align: justify;\">En este contexto el MAE, Mediante Acuerdo Ministerial No. 131 de 19 de diciembre de 2013, expide el Programa Nacional de Incentivos a la Conservaci\u00f3n y Uso Sostenible del Patrimonio Natural \u201cSocio Bosque\u201d, en el cual, entre otros, se establece el compromiso de dise\u00f1ar el nuevo cap\u00edtulo para incentivo del ecosistema manglar \u201cSocio Manglar\u201d, con el objetivo de incluir este ecosistema dentro del proceso de conservaci\u00f3n, que se lleva a cabo a nivel nacional, con el uso de espacios destinados a la forestaci\u00f3n, reforestaci\u00f3n y restauraci\u00f3n de bosques nativo a lo largo del territorio nacional.<\/p>\n<p style=\"text-align: justify;\">Socio Manglar busca integrar aproximadamente 100 mil hect\u00e1reas de bosque, con fines de conservaci\u00f3n y uso sostenible hasta finales del a\u00f1o 2017. Se estima que en el Ecuador existen cerca de 160 mil hect\u00e1reas.<\/p>\n<p style=\"text-align: justify;\">Actualmente, la tala del manglar est\u00e1 penada por la ley, medidas que se cumplen tras las alianzas alcanzadas a trav\u00e9s de la entrega de concesiones de manglar. Los beneficiarios adquieren derechos como la extracci\u00f3n de los recursos como: conchas, cangrejos, jaibas y peses, pero de una manera sustentable, con el respeto de los tiempos de veda y el tama\u00f1o de las especies que extraen.<\/p>\n<p style=\"text-align: justify;\">Hasta la fecha el Ministerio del Ambiente ha verificado la reforestaci\u00f3n de 1 556,90 ha de manglar en el pa\u00eds, a trav\u00e9s de la recuperaci\u00f3n de espacios concesionados a posesionarios de camaroneras.<\/p>\n","protected":false},"excerpt":{"rendered":"<p class=\"excerpt\">El manglar es un punto de uni\u00f3n entre ambientes marinos y terrestres, por esta raz\u00f3n se constituye como un ecosistema de alta productividad primaria, tanto por el fitoplancton como el bosque de manglar, lo que ha producido una comunidad compleja y biodiversa incre\u00edble de animales, plantas, moluscos, consider\u00e1ndolo como una de las cinco unidades ecol\u00f3gicas m\u00e1s productivas del mundo, de&hellip; <a href=\"https:\/\/www.ambienteyenergia.gob.ec\/ambiente\/mae-conmemora-el-dia-internacional-de-defensa-del-manglar\/\">Read more &rarr;<\/a><\/p>\n","protected":false},"author":13,"featured_media":21507,"comment_status":"open","ping_status":"open","sticky":false,"template":"","format":"standard","meta":{"footnotes":""},"categories":[16,4],"tags":[48,108,53,525],"class_list":["post-21668","post","type-post","status-publish","format-standard","has-post-thumbnail","hentry","category-comunicamos","category-noticias","tag-ecuador","tag-lorena-tapia","tag-mae","tag-manglares","xfolkentry"],"_links":{"self":[{"href":"https:\/\/www.ambienteyenergia.gob.ec\/ambiente\/wp-json\/wp\/v2\/posts\/21668","targetHints":{"allow":["GET"]}}],"collection":[{"href":"https:\/\/www.ambienteyenergia.gob.ec\/ambiente\/wp-json\/wp\/v2\/posts"}],"about":[{"href":"https:\/\/www.ambienteyenergia.gob.ec\/ambiente\/wp-json\/wp\/v2\/types\/post"}],"author":[{"embeddable":true,"href":"https:\/\/www.ambienteyenergia.gob.ec\/ambiente\/wp-json\/wp\/v2\/users\/13"}],"replies":[{"embeddable":true,"href":"https:\/\/www.ambienteyenergia.gob.ec\/ambiente\/wp-json\/wp\/v2\/comments?post=21668"}],"version-history":[{"count":0,"href":"https:\/\/www.ambienteyenergia.gob.ec\/ambiente\/wp-json\/wp\/v2\/posts\/21668\/revisions"}],"wp:featuredmedia":[{"embeddable":true,"href":"https:\/\/www.ambienteyenergia.gob.ec\/ambiente\/wp-json\/wp\/v2\/media\/21507"}],"wp:attachment":[{"href":"https:\/\/www.ambienteyenergia.gob.ec\/ambiente\/wp-json\/wp\/v2\/media?parent=21668"}],"wp:term":[{"taxonomy":"category","embeddable":true,"href":"https:\/\/www.ambienteyenergia.gob.ec\/ambiente\/wp-json\/wp\/v2\/categories?post=21668"},{"taxonomy":"post_tag","embeddable":true,"href":"https:\/\/www.ambienteyenergia.gob.ec\/ambiente\/wp-json\/wp\/v2\/tags?post=21668"}],"curies":[{"name":"wp","href":"https:\/\/api.w.org\/{rel}","templated":true}]}}