{"id":21663,"date":"2014-07-25T14:57:36","date_gmt":"2014-07-25T19:57:36","guid":{"rendered":"http:\/\/www.ambiente.gob.ec\/?p=21663"},"modified":"2014-07-25T14:57:36","modified_gmt":"2014-07-25T19:57:36","slug":"mae-libera-exitosamente-un-especimen-de-lobo-marino-en-la-reserva-marina-el-pelado","status":"publish","type":"post","link":"https:\/\/www.ambienteyenergia.gob.ec\/ambiente\/mae-libera-exitosamente-un-especimen-de-lobo-marino-en-la-reserva-marina-el-pelado\/","title":{"rendered":"MAE libera exitosamente un esp\u00e9cimen de lobo marino en la  Reserva Marina El Pelado"},"content":{"rendered":"<p style=\"margin-bottom: 0cm; text-align: justify;\" align=\"JUSTIFY\"><span style=\"font-family: Calibri,sans-serif;\"><span style=\"font-size: medium;\">El Ministerio del Ambiente de Ecuador (MAE) , a trav\u00e9s de la direcci\u00f3n Provincial del Ambiente de Santa Elena, en conjunto con t\u00e9cnicos del zool\u00f3gico Acuario de Valdivia procedieron a la reinserci\u00f3n a su h\u00e1bitat Natural de un lobo marino juvenil de dos pelos (<\/span><span style=\"font-size: medium;\"><i>Arctocephalus<\/i><\/span><span style=\"font-size: medium;\"><i>australis<\/i><\/span><span style=\"font-size: medium;\">).<\/span><\/span><\/p>\n<p style=\"margin-bottom: 0cm; text-align: justify;\" align=\"JUSTIFY\"><span style=\"font-family: Calibri,sans-serif;\"><span style=\"font-size: medium;\">Este esp\u00e9cimen de vida silvestre que presentaba un cuadro de deshidrataci\u00f3n, fue hallado el pasado 21 de julio en la parroquia Manglaralto, comuna de Valdivia, en el sector de Playa Bruja, luego de una denuncia realizada por pescadores del sector, quienes informaron a la Direcci\u00f3n Provincial sobre este particular.<\/span><\/span><\/p>\n<p style=\"margin-bottom: 0cm; text-align: justify;\" align=\"JUSTIFY\"><span style=\"font-family: Calibri,sans-serif;\"><span style=\"font-size: medium;\">Con el fin de evitar una interacci\u00f3n con las redes de pesca, el lobo de dos pelos fue trasladado al acuario de la comuna Valdivia, en donde adem\u00e1s se determin\u00f3 que le esp\u00e9cimen mostraba se\u00f1ales de heridas en su cuerpo (abdomen).<\/span><\/span><\/p>\n<p style=\"margin-bottom: 0cm; text-align: justify;\" align=\"JUSTIFY\"><span style=\"font-family: Calibri,sans-serif;\"><span style=\"font-size: medium;\">El lobo marino es un juvenil macho que present\u00f3 un peso de 40 libras, con un tama\u00f1o de 1.10 metros de longitud. Una vez concluido el proceso de recuperaci\u00f3n f\u00edsica, personal de esta Cartera de Estado, procedi\u00f3 a realizar la liberaci\u00f3n de este esp\u00e9cimen a su h\u00e1bitat natural en la Reserva Marina El Pelado \u201cPlaya Rosada\u201d, el d\u00eda de ayer.<\/span><\/span><\/p>\n<p style=\"margin-bottom: 0cm; text-align: justify;\" align=\"JUSTIFY\"><span style=\"font-family: Calibri,sans-serif;\"><span style=\"font-size: medium;\">Actualmente, esta Secretar\u00eda de Estado en un trabajo conjunto con Zool\u00f3gicos y Centro de Rescates efect\u00faa diferentes actividades de control, vigilancia y monitoreo de las especies de Fauna Silvestre con el objetivo de precautelar la integridad de nuestro ecosistema marino.<\/span><\/span><\/p>\n","protected":false},"excerpt":{"rendered":"<p class=\"excerpt\">El Ministerio del Ambiente de Ecuador (MAE) , a trav\u00e9s de la direcci\u00f3n Provincial del Ambiente de Santa Elena, en conjunto con t\u00e9cnicos del zool\u00f3gico Acuario de Valdivia procedieron a la reinserci\u00f3n a su h\u00e1bitat Natural de un lobo marino juvenil de dos pelos (Arctocephalusaustralis). Este esp\u00e9cimen de vida silvestre que presentaba un cuadro de deshidrataci\u00f3n, fue hallado el pasado&hellip; <a href=\"https:\/\/www.ambienteyenergia.gob.ec\/ambiente\/mae-libera-exitosamente-un-especimen-de-lobo-marino-en-la-reserva-marina-el-pelado\/\">Read more &rarr;<\/a><\/p>\n","protected":false},"author":13,"featured_media":21664,"comment_status":"open","ping_status":"open","sticky":false,"template":"","format":"standard","meta":{"footnotes":""},"categories":[16,4],"tags":[],"class_list":["post-21663","post","type-post","status-publish","format-standard","has-post-thumbnail","hentry","category-comunicamos","category-noticias","xfolkentry"],"_links":{"self":[{"href":"https:\/\/www.ambienteyenergia.gob.ec\/ambiente\/wp-json\/wp\/v2\/posts\/21663","targetHints":{"allow":["GET"]}}],"collection":[{"href":"https:\/\/www.ambienteyenergia.gob.ec\/ambiente\/wp-json\/wp\/v2\/posts"}],"about":[{"href":"https:\/\/www.ambienteyenergia.gob.ec\/ambiente\/wp-json\/wp\/v2\/types\/post"}],"author":[{"embeddable":true,"href":"https:\/\/www.ambienteyenergia.gob.ec\/ambiente\/wp-json\/wp\/v2\/users\/13"}],"replies":[{"embeddable":true,"href":"https:\/\/www.ambienteyenergia.gob.ec\/ambiente\/wp-json\/wp\/v2\/comments?post=21663"}],"version-history":[{"count":0,"href":"https:\/\/www.ambienteyenergia.gob.ec\/ambiente\/wp-json\/wp\/v2\/posts\/21663\/revisions"}],"wp:featuredmedia":[{"embeddable":true,"href":"https:\/\/www.ambienteyenergia.gob.ec\/ambiente\/wp-json\/wp\/v2\/media\/21664"}],"wp:attachment":[{"href":"https:\/\/www.ambienteyenergia.gob.ec\/ambiente\/wp-json\/wp\/v2\/media?parent=21663"}],"wp:term":[{"taxonomy":"category","embeddable":true,"href":"https:\/\/www.ambienteyenergia.gob.ec\/ambiente\/wp-json\/wp\/v2\/categories?post=21663"},{"taxonomy":"post_tag","embeddable":true,"href":"https:\/\/www.ambienteyenergia.gob.ec\/ambiente\/wp-json\/wp\/v2\/tags?post=21663"}],"curies":[{"name":"wp","href":"https:\/\/api.w.org\/{rel}","templated":true}]}}