{"id":21653,"date":"2014-07-25T12:59:40","date_gmt":"2014-07-25T17:59:40","guid":{"rendered":"http:\/\/www.ambiente.gob.ec\/?p=21653"},"modified":"2014-07-25T12:59:40","modified_gmt":"2014-07-25T17:59:40","slug":"taller-de-normas-para-el-manejo-forestal-sostenible-se-realizo-en-imbabura","status":"publish","type":"post","link":"https:\/\/www.ambienteyenergia.gob.ec\/ambiente\/taller-de-normas-para-el-manejo-forestal-sostenible-se-realizo-en-imbabura\/","title":{"rendered":"Taller de Normas para el Manejo Forestal Sostenible se realiz\u00f3 en Imbabura"},"content":{"rendered":"<p style=\"text-align: justify;\">Con el objetivo de conformar espacios de concertaci\u00f3n que permitan la participaci\u00f3n de diferentes actores en la conservaci\u00f3n del patrimonio natural del pa\u00eds, los d\u00edas 24 y 25 de julio del presente a\u00f1o, el Ministerio del Ambiente realiz\u00f3 un Taller de Normas para el Manejo Forestal Sostenible en la sala de conferencias Acropolis de la ciudad de Ibarra, provincia de Imbabura.<\/p>\n<p style=\"text-align: justify;\">\n<p style=\"text-align: justify;\">El primer d\u00eda del taller, dirigido a las personas que manejan productos forestales (transportistas, ejecutores y propietarios de aserraderos), ten\u00eda como prop\u00f3sito identificar las necesidades de cada usuario. Esta actividad permitir\u00e1 obtener insumos para la inclusi\u00f3n de propuestas dentro de la normativa de manejo forestal en construcci\u00f3n.<\/p>\n<p style=\"text-align: justify;\">\n<p style=\"text-align: justify;\">Dentro de las propuestas se plante\u00f3 automatizar tr\u00e1mites, mejorar el Sistema de Administraci\u00f3n Forestal, crear mecanismos de incentivos para aserradores y due\u00f1os de los bosques, manejar adecuadamente los productos no maderables (semillas, hojas, sangre de drago) y aprovechar de manera integral pero sostenible los recursos del bosque.<\/p>\n<p style=\"text-align: justify;\">\n<p style=\"text-align: justify;\">Hoy, para concluir esta jornada de trabajo, se abordar\u00e1 la situaci\u00f3n actual del aprovechamiento forestal en el Ecuador, receptando las propuestas de los asistentes.<\/p>\n","protected":false},"excerpt":{"rendered":"<p class=\"excerpt\">Con el objetivo de conformar espacios de concertaci\u00f3n que permitan la participaci\u00f3n de diferentes actores en la conservaci\u00f3n del patrimonio natural del pa\u00eds, los d\u00edas 24 y 25 de julio del presente a\u00f1o, el Ministerio del Ambiente realiz\u00f3 un Taller de Normas para el Manejo Forestal Sostenible en la sala de conferencias Acropolis de la ciudad de Ibarra, provincia de&hellip; <a href=\"https:\/\/www.ambienteyenergia.gob.ec\/ambiente\/taller-de-normas-para-el-manejo-forestal-sostenible-se-realizo-en-imbabura\/\">Read more &rarr;<\/a><\/p>\n","protected":false},"author":13,"featured_media":21654,"comment_status":"open","ping_status":"open","sticky":false,"template":"","format":"standard","meta":{"footnotes":""},"categories":[16,4],"tags":[],"class_list":["post-21653","post","type-post","status-publish","format-standard","has-post-thumbnail","hentry","category-comunicamos","category-noticias","xfolkentry"],"_links":{"self":[{"href":"https:\/\/www.ambienteyenergia.gob.ec\/ambiente\/wp-json\/wp\/v2\/posts\/21653","targetHints":{"allow":["GET"]}}],"collection":[{"href":"https:\/\/www.ambienteyenergia.gob.ec\/ambiente\/wp-json\/wp\/v2\/posts"}],"about":[{"href":"https:\/\/www.ambienteyenergia.gob.ec\/ambiente\/wp-json\/wp\/v2\/types\/post"}],"author":[{"embeddable":true,"href":"https:\/\/www.ambienteyenergia.gob.ec\/ambiente\/wp-json\/wp\/v2\/users\/13"}],"replies":[{"embeddable":true,"href":"https:\/\/www.ambienteyenergia.gob.ec\/ambiente\/wp-json\/wp\/v2\/comments?post=21653"}],"version-history":[{"count":0,"href":"https:\/\/www.ambienteyenergia.gob.ec\/ambiente\/wp-json\/wp\/v2\/posts\/21653\/revisions"}],"wp:featuredmedia":[{"embeddable":true,"href":"https:\/\/www.ambienteyenergia.gob.ec\/ambiente\/wp-json\/wp\/v2\/media\/21654"}],"wp:attachment":[{"href":"https:\/\/www.ambienteyenergia.gob.ec\/ambiente\/wp-json\/wp\/v2\/media?parent=21653"}],"wp:term":[{"taxonomy":"category","embeddable":true,"href":"https:\/\/www.ambienteyenergia.gob.ec\/ambiente\/wp-json\/wp\/v2\/categories?post=21653"},{"taxonomy":"post_tag","embeddable":true,"href":"https:\/\/www.ambienteyenergia.gob.ec\/ambiente\/wp-json\/wp\/v2\/tags?post=21653"}],"curies":[{"name":"wp","href":"https:\/\/api.w.org\/{rel}","templated":true}]}}