{"id":21649,"date":"2014-07-25T12:26:54","date_gmt":"2014-07-25T17:26:54","guid":{"rendered":"http:\/\/www.ambiente.gob.ec\/?p=21649"},"modified":"2014-07-25T13:33:31","modified_gmt":"2014-07-25T18:33:31","slug":"mae-monitorea-rutas-de-vuelo-y-sitios-de-anidacion-del-condor-polito","status":"publish","type":"post","link":"https:\/\/www.ambienteyenergia.gob.ec\/ambiente\/mae-monitorea-rutas-de-vuelo-y-sitios-de-anidacion-del-condor-polito\/","title":{"rendered":"MAE monitorea rutas de vuelo y sitios de anidaci\u00f3n del c\u00f3ndor Polito"},"content":{"rendered":"<p style=\"text-align: justify;\">Con la finalidad de precautelar la integridad f\u00edsica y garantizar la conservaci\u00f3n del c\u00f3ndor Polito, liberado el pasado 21 de mayo, el Ministerio del Ambiente (MAE), a trav\u00e9s de la Direcci\u00f3n Provincial del Carchi realiza constantes monitoreos de esta emblem\u00e1tica especie, mediante diferentes acciones encaminadas a fortalecer su protecci\u00f3n.<\/p>\n<p style=\"text-align: justify;\">Esta actividad de control se ejecuta con la colaboraci\u00f3n del Grupo Nacional de Trabajo del C\u00f3ndor Andino y el apoyo del personal de la Reserva Ecol\u00f3gica El \u00c1ngel.<\/p>\n<p style=\"text-align: justify;\">Gracias a la informaci\u00f3n obtenida por el rastreador satelital, se identific\u00f3 que Polito, actualmente, est\u00e1 ubicado en un dormidero y posible sitio de anidaci\u00f3n en la Parroquia de La Concepci\u00f3n, cant\u00f3n Mira, provincia del Carchi, sector donde son muy frecuentes los movimientos de este y otros ejemplares.<\/p>\n<p style=\"text-align: justify;\">Adem\u00e1s de Polito, en el sitio se encuentra una pareja de perchados y un pich\u00f3n (macho), que en ocasiones sobrevolaron la zona en busca de alimento para su cr\u00eda.<\/p>\n<p style=\"text-align: justify;\">De la misma manera, se observ\u00f3 sobre el horizonte otra hembra adulta y otro pich\u00f3n posiblemente Polito, el cual paso r\u00e1pidamente y se perdi\u00f3 entre las nubes rumbo al Noreste.<\/p>\n<p style=\"text-align: justify;\">El MAE continuar\u00e1 con los monitoreos y coordinaciones respectivas en el sitio para brindar seguridad a estas emblem\u00e1ticas aves.<\/p>\n","protected":false},"excerpt":{"rendered":"<p class=\"excerpt\">Con la finalidad de precautelar la integridad f\u00edsica y garantizar la conservaci\u00f3n del c\u00f3ndor Polito, liberado el pasado 21 de mayo, el Ministerio del Ambiente (MAE), a trav\u00e9s de la Direcci\u00f3n Provincial del Carchi realiza constantes monitoreos de esta emblem\u00e1tica especie, mediante diferentes acciones encaminadas a fortalecer su protecci\u00f3n. Esta actividad de control se ejecuta con la colaboraci\u00f3n del Grupo&hellip; <a href=\"https:\/\/www.ambienteyenergia.gob.ec\/ambiente\/mae-monitorea-rutas-de-vuelo-y-sitios-de-anidacion-del-condor-polito\/\">Read more &rarr;<\/a><\/p>\n","protected":false},"author":13,"featured_media":21650,"comment_status":"open","ping_status":"open","sticky":false,"template":"","format":"standard","meta":{"footnotes":""},"categories":[16,4],"tags":[],"class_list":["post-21649","post","type-post","status-publish","format-standard","has-post-thumbnail","hentry","category-comunicamos","category-noticias","xfolkentry"],"_links":{"self":[{"href":"https:\/\/www.ambienteyenergia.gob.ec\/ambiente\/wp-json\/wp\/v2\/posts\/21649","targetHints":{"allow":["GET"]}}],"collection":[{"href":"https:\/\/www.ambienteyenergia.gob.ec\/ambiente\/wp-json\/wp\/v2\/posts"}],"about":[{"href":"https:\/\/www.ambienteyenergia.gob.ec\/ambiente\/wp-json\/wp\/v2\/types\/post"}],"author":[{"embeddable":true,"href":"https:\/\/www.ambienteyenergia.gob.ec\/ambiente\/wp-json\/wp\/v2\/users\/13"}],"replies":[{"embeddable":true,"href":"https:\/\/www.ambienteyenergia.gob.ec\/ambiente\/wp-json\/wp\/v2\/comments?post=21649"}],"version-history":[{"count":0,"href":"https:\/\/www.ambienteyenergia.gob.ec\/ambiente\/wp-json\/wp\/v2\/posts\/21649\/revisions"}],"wp:featuredmedia":[{"embeddable":true,"href":"https:\/\/www.ambienteyenergia.gob.ec\/ambiente\/wp-json\/wp\/v2\/media\/21650"}],"wp:attachment":[{"href":"https:\/\/www.ambienteyenergia.gob.ec\/ambiente\/wp-json\/wp\/v2\/media?parent=21649"}],"wp:term":[{"taxonomy":"category","embeddable":true,"href":"https:\/\/www.ambienteyenergia.gob.ec\/ambiente\/wp-json\/wp\/v2\/categories?post=21649"},{"taxonomy":"post_tag","embeddable":true,"href":"https:\/\/www.ambienteyenergia.gob.ec\/ambiente\/wp-json\/wp\/v2\/tags?post=21649"}],"curies":[{"name":"wp","href":"https:\/\/api.w.org\/{rel}","templated":true}]}}