{"id":21645,"date":"2014-07-25T11:25:51","date_gmt":"2014-07-25T16:25:51","guid":{"rendered":"http:\/\/www.ambiente.gob.ec\/?p=21645"},"modified":"2014-07-25T11:40:40","modified_gmt":"2014-07-25T16:40:40","slug":"mae-organizo-una-jornada-de-capacitaciones-para-tomadores-de-decisiones-sobre-biotecnologia-y-bioseguridad","status":"publish","type":"post","link":"https:\/\/www.ambienteyenergia.gob.ec\/ambiente\/mae-organizo-una-jornada-de-capacitaciones-para-tomadores-de-decisiones-sobre-biotecnologia-y-bioseguridad\/","title":{"rendered":"MAE organiz\u00f3 una jornada de capacitaciones para tomadores de decisiones sobre biotecnolog\u00eda y bioseguridad"},"content":{"rendered":"<p style=\"text-align: justify;\">Como parte del proyecto \u00abImplementaci\u00f3n del Marco Nacional de Bioseguridad\u00bb, el Ministerio del Ambiente (MAE), con el apoyo del Programa de las Naciones Unidas para el Medio Ambiente (PNUMA) y el Fondo para el Medio Ambiente Mundial (FMAM), realiz\u00f3 tres foros dirigidos a autoridades y tomadores de decisiones. El objetivo del evento, que se desarroll\u00f3 los d\u00edas 22, 23 y 24 de julio del presente a\u00f1o, es contribuir a la adecuada gesti\u00f3n de la bioseguridad y asegurar un nivel de protecci\u00f3n a la biodiversidad y la salud humana frente a los posibles riesgos que tendr\u00eda el uso de la biotecnolog\u00eda moderna.<\/p>\n<p style=\"text-align: justify;\">En el marco de la inauguraci\u00f3n del taller sobre bioseguridad, la Ministra del Ambiente, Lorena Tapia, asegur\u00f3 que la biotecnolog\u00eda, amparada en la Constituci\u00f3n y el Plan Nacional del Buen Vivir, constituye una opci\u00f3n para promover el cambio de la matriz productiva hacia una sociedad del bioconocimiento como una herramienta para un manejo sostenible de la biodiversidad y la salud humana.<\/p>\n<p style=\"text-align: justify;\">Ecuador ejecuta este tipo de iniciativas como parte de las obligaciones adquiridas como pa\u00eds miembro del Protocolo de Cartagena sobre Seguridad de la Biotecnolog\u00eda (PCSB). En ese sentido, Francisco Prieto, Subsecretario de Patrimonio Natural del MAE, asegur\u00f3 que este espacio est\u00e1 destinado a fortalecer las capacidades de los tomadores de decisiones. \u00abTodos los invitados tienen mucha trayectoria en este campo y vienen a contarnos sus experiencias en el marco regulatorio de los organismos gen\u00e9ticamente modificados\u00bb, explic\u00f3.<\/p>\n<p style=\"text-align: justify;\">Estos encuentros permitieron el fortalecimiento de capacidades en temas relevantes para la bioseguridad en la agricultura, la medicina, la industria, el ambiente y la diversidad biol\u00f3gica, domesticada o cultivada.<\/p>\n<p style=\"text-align: justify;\">Durante las jornadas de trabajo se trato distintos temas aplicados al desarrollo de la investigaci\u00f3n, ciencia y tecnolog\u00eda, lo que aportar\u00e1 al cambio de la matriz productiva, aplicando los principios establecidos en la Constituci\u00f3n y las regulaciones nacionales e internacionales vigentes.<\/p>\n<p style=\"text-align: justify;\">Los foros contaron con la presencia de expertos internacionales de alto nivel como los provenientes de las Comisiones T\u00e9cnicas de Bioseguridad de Brasil (PhD. Gutemberg de Sousa) y M\u00e9xico (PhD. Sol Ortiz), as\u00ed como la presencia del Coordinador Regional del IICA &#8211; Central (PhD. Pedro Rocha); quienes expusieron las experiencias de sus pa\u00edses en torno a la biotecnolog\u00eda, organismos gen\u00e9ticamente modificados y los marcos nacionales y procesos legislativos enmarcados en pol\u00edticas nacionales de bioseguridad.<\/p>\n<p style=\"text-align: justify;\">\u201cComo M\u00e1xima Autoridad Ambiental del pa\u00eds, el Ministerio del Ambiente, tiene un fuerte reto por delante, a partir de este proceso de conocimiento e intercambio de experiencias con expertos internacionales, para desarrollar, con bases informadas y un alta capacidad t\u00e9cnica de respuesta, una sociedad del bioconocimiento responsable y sostenible en el marco de la aplicaci\u00f3n de biotecnolog\u00eda para la aplicaci\u00f3n en todas las esferas sociales como la salud, la industria y la biodiversidad\u201d, finaliz\u00f3 la Ministra Lorena Tapia.<\/p>\n","protected":false},"excerpt":{"rendered":"<p class=\"excerpt\">Como parte del proyecto \u00abImplementaci\u00f3n del Marco Nacional de Bioseguridad\u00bb, el Ministerio del Ambiente (MAE), con el apoyo del Programa de las Naciones Unidas para el Medio Ambiente (PNUMA) y el Fondo para el Medio Ambiente Mundial (FMAM), realiz\u00f3 tres foros dirigidos a autoridades y tomadores de decisiones. El objetivo del evento, que se desarroll\u00f3 los d\u00edas 22, 23 y&hellip; <a href=\"https:\/\/www.ambienteyenergia.gob.ec\/ambiente\/mae-organizo-una-jornada-de-capacitaciones-para-tomadores-de-decisiones-sobre-biotecnologia-y-bioseguridad\/\">Read more &rarr;<\/a><\/p>\n","protected":false},"author":13,"featured_media":21647,"comment_status":"open","ping_status":"open","sticky":false,"template":"","format":"standard","meta":{"footnotes":""},"categories":[16,4],"tags":[],"class_list":["post-21645","post","type-post","status-publish","format-standard","has-post-thumbnail","hentry","category-comunicamos","category-noticias","xfolkentry"],"_links":{"self":[{"href":"https:\/\/www.ambienteyenergia.gob.ec\/ambiente\/wp-json\/wp\/v2\/posts\/21645","targetHints":{"allow":["GET"]}}],"collection":[{"href":"https:\/\/www.ambienteyenergia.gob.ec\/ambiente\/wp-json\/wp\/v2\/posts"}],"about":[{"href":"https:\/\/www.ambienteyenergia.gob.ec\/ambiente\/wp-json\/wp\/v2\/types\/post"}],"author":[{"embeddable":true,"href":"https:\/\/www.ambienteyenergia.gob.ec\/ambiente\/wp-json\/wp\/v2\/users\/13"}],"replies":[{"embeddable":true,"href":"https:\/\/www.ambienteyenergia.gob.ec\/ambiente\/wp-json\/wp\/v2\/comments?post=21645"}],"version-history":[{"count":0,"href":"https:\/\/www.ambienteyenergia.gob.ec\/ambiente\/wp-json\/wp\/v2\/posts\/21645\/revisions"}],"wp:featuredmedia":[{"embeddable":true,"href":"https:\/\/www.ambienteyenergia.gob.ec\/ambiente\/wp-json\/wp\/v2\/media\/21647"}],"wp:attachment":[{"href":"https:\/\/www.ambienteyenergia.gob.ec\/ambiente\/wp-json\/wp\/v2\/media?parent=21645"}],"wp:term":[{"taxonomy":"category","embeddable":true,"href":"https:\/\/www.ambienteyenergia.gob.ec\/ambiente\/wp-json\/wp\/v2\/categories?post=21645"},{"taxonomy":"post_tag","embeddable":true,"href":"https:\/\/www.ambienteyenergia.gob.ec\/ambiente\/wp-json\/wp\/v2\/tags?post=21645"}],"curies":[{"name":"wp","href":"https:\/\/api.w.org\/{rel}","templated":true}]}}