{"id":21642,"date":"2014-07-25T10:17:22","date_gmt":"2014-07-25T15:17:22","guid":{"rendered":"http:\/\/www.ambiente.gob.ec\/?p=21642"},"modified":"2014-07-25T10:17:22","modified_gmt":"2014-07-25T15:17:22","slug":"el-acceso-a-punta-carola-se-restringira-hasta-el-20-de-agosto","status":"publish","type":"post","link":"https:\/\/www.ambienteyenergia.gob.ec\/ambiente\/el-acceso-a-punta-carola-se-restringira-hasta-el-20-de-agosto\/","title":{"rendered":"El acceso a Punta Carola se restringir\u00e1 hasta el 20 de agosto"},"content":{"rendered":"<p style=\"text-align: justify;\">Posterior a las maniobras de desvaramiento del buque Galapaface I, la Direcci\u00f3n del Parque Nacional Gal\u00e1pagos (DPNG) del Ministerio del Ambiente, contin\u00faa con el plan de acci\u00f3n establecido para el salvataje de la nave.<\/p>\n<p style=\"text-align: justify;\">\n<p style=\"text-align: justify;\">Se inici\u00f3 con la fase de evaluaci\u00f3n de los posibles impactos ambientales y sociales producidos por el varamiento del buque de carga en Bah\u00eda Naufragio, en la isla San Crist\u00f3bal. La DPNG ha establecido un cronograma de trabajo para las siguientes semanas, con la finalidad de realizar muestreos e identificar posibles restos de contaminaci\u00f3n ocasionados por el siniestro.<\/p>\n<p style=\"text-align: justify;\">\n<p style=\"text-align: justify;\">El GALAPAFACE I, estuvo encallado por m\u00e1s de dos meses cerca al faro, en el sitio de visita Punta Carola, uno de los m\u00e1s concurridos por los turistas locales, nacionales y extranjeros. Ahora, el sitio es un \u00e1rea de estudio, por lo que la Autoridad Ambiental ha decidido mantener cerrado el sitio de visita hasta el\u00a0mi\u00e9rcoles 20 de agosto de 2014, cuando los muestreos hayan finalizado. Se estar\u00e1 informando oportunamente sobre la apertura del sitio.<\/p>\n","protected":false},"excerpt":{"rendered":"<p class=\"excerpt\">Posterior a las maniobras de desvaramiento del buque Galapaface I, la Direcci\u00f3n del Parque Nacional Gal\u00e1pagos (DPNG) del Ministerio del Ambiente, contin\u00faa con el plan de acci\u00f3n establecido para el salvataje de la nave. Se inici\u00f3 con la fase de evaluaci\u00f3n de los posibles impactos ambientales y sociales producidos por el varamiento del buque de carga en Bah\u00eda Naufragio, en&hellip; <a href=\"https:\/\/www.ambienteyenergia.gob.ec\/ambiente\/el-acceso-a-punta-carola-se-restringira-hasta-el-20-de-agosto\/\">Read more &rarr;<\/a><\/p>\n","protected":false},"author":13,"featured_media":21643,"comment_status":"open","ping_status":"open","sticky":false,"template":"","format":"standard","meta":{"footnotes":""},"categories":[16,4],"tags":[],"class_list":["post-21642","post","type-post","status-publish","format-standard","has-post-thumbnail","hentry","category-comunicamos","category-noticias","xfolkentry"],"_links":{"self":[{"href":"https:\/\/www.ambienteyenergia.gob.ec\/ambiente\/wp-json\/wp\/v2\/posts\/21642","targetHints":{"allow":["GET"]}}],"collection":[{"href":"https:\/\/www.ambienteyenergia.gob.ec\/ambiente\/wp-json\/wp\/v2\/posts"}],"about":[{"href":"https:\/\/www.ambienteyenergia.gob.ec\/ambiente\/wp-json\/wp\/v2\/types\/post"}],"author":[{"embeddable":true,"href":"https:\/\/www.ambienteyenergia.gob.ec\/ambiente\/wp-json\/wp\/v2\/users\/13"}],"replies":[{"embeddable":true,"href":"https:\/\/www.ambienteyenergia.gob.ec\/ambiente\/wp-json\/wp\/v2\/comments?post=21642"}],"version-history":[{"count":0,"href":"https:\/\/www.ambienteyenergia.gob.ec\/ambiente\/wp-json\/wp\/v2\/posts\/21642\/revisions"}],"wp:featuredmedia":[{"embeddable":true,"href":"https:\/\/www.ambienteyenergia.gob.ec\/ambiente\/wp-json\/wp\/v2\/media\/21643"}],"wp:attachment":[{"href":"https:\/\/www.ambienteyenergia.gob.ec\/ambiente\/wp-json\/wp\/v2\/media?parent=21642"}],"wp:term":[{"taxonomy":"category","embeddable":true,"href":"https:\/\/www.ambienteyenergia.gob.ec\/ambiente\/wp-json\/wp\/v2\/categories?post=21642"},{"taxonomy":"post_tag","embeddable":true,"href":"https:\/\/www.ambienteyenergia.gob.ec\/ambiente\/wp-json\/wp\/v2\/tags?post=21642"}],"curies":[{"name":"wp","href":"https:\/\/api.w.org\/{rel}","templated":true}]}}