{"id":21638,"date":"2014-07-24T10:10:04","date_gmt":"2014-07-24T15:10:04","guid":{"rendered":"http:\/\/www.ambiente.gob.ec\/?p=21638"},"modified":"2014-07-25T10:14:28","modified_gmt":"2014-07-25T15:14:28","slug":"presidenta-de-la-asamblea-constato-la-gestion-ambiental-de-isla-santay","status":"publish","type":"post","link":"https:\/\/www.ambienteyenergia.gob.ec\/ambiente\/presidenta-de-la-asamblea-constato-la-gestion-ambiental-de-isla-santay\/","title":{"rendered":"Presidenta de la Asamblea constat\u00f3 la gesti\u00f3n ambiental de Isla Santay"},"content":{"rendered":"<p style=\"text-align: justify;\">Hoy, un grupo de asamble\u00edstas liderados por la Presidenta, Gabriela Rivadeneira, visitaron el \u00c1rea Nacional de Recreaci\u00f3n Isla Santay para conocer sus obras de infraestructura y la gesti\u00f3n sostenible que desarrolla el Ministerio del Ambiente junto con la comunidad.<\/p>\n<p style=\"text-align: justify;\">Los legisladores, que arribaron a la Isla desde el muelle del Yacht Club, recorrieron la Ecoaldea, donde pudieron compartir con gente de la comunidad. \u00abDefinitivamente es un gusto estar aqu\u00ed, en Isla Santay uno de los proyectos emblem\u00e1ticos de la revoluci\u00f3n ciudadana\u00bb, asegur\u00f3 Rivadeneira.<\/p>\n<p style=\"text-align: justify;\">Asimismo, visitaron una de las obras emblem\u00e1ticas del Ministerio del Ambiente, La Cocodrilera. All\u00ed, recibieron una peque\u00f1a introducci\u00f3n de las obras ejecutadas y de los avances que han tra\u00eddo a la comunidad.<\/p>\n<p style=\"text-align: justify;\">En ese sentido, Rivadeneira enfatiz\u00f3 en que el Ministerio del Ambiente ha sido parte fundamental de este proceso. \u00abAntes de este gobierno eran muy pocos los que se preocupaban por la conservaci\u00f3n ambiental. El Gobierno de la Revoluci\u00f3n ciudadana es el que ha apostado por temas ambientales como la recuperaci\u00f3n de cuencas h\u00eddricas, de zonas deforestadas, parques y el manejo adecuado de nuestras \u00e1reas protegidas; este \u00faltimo es un \u00edcono y una bandera de lucha de la revoluci\u00f3n ambiental y Santay es una clara muestra de ello\u00bb, afirm\u00f3.<\/p>\n<p style=\"text-align: justify;\">De la misma forma, la M\u00e1xima Autoridad del Legislativo reiter\u00f3 la importancia de conservar este espacio natural. \u00abEste es un legado para los ni\u00f1os, j\u00f3venes y para las futuras generaciones, fomentando un cambio cultural, en el que se empoderen de la protecci\u00f3n de la naturaleza como parte del equilibrio que el SumaK Kawsay nos demanda\u00bb.<\/p>\n<p style=\"text-align: justify;\">Por su parte, Juan Carlos Cassinelli, asamble\u00edsta de la provincia del Guayas, mencin\u00f3 que por suerte Guayaquil cuenta con una obra avanzada, ecol\u00f3gica, ecotur\u00edstica, que adem\u00e1s fomenta el trabajo local. \u00abLo que vemos hoy en d\u00eda aqu\u00ed, en muy pocos pa\u00edses del mundo se puede apreciar. Hoy compartimos con la Presidenta de la Asamblea esta experiencia que es realmente \u00fanica, incre\u00edble, estando tan cerca de Guayaquil tener este paisaje, esta naturaleza\u00bb.<\/p>\n","protected":false},"excerpt":{"rendered":"<p class=\"excerpt\">Hoy, un grupo de asamble\u00edstas liderados por la Presidenta, Gabriela Rivadeneira, visitaron el \u00c1rea Nacional de Recreaci\u00f3n Isla Santay para conocer sus obras de infraestructura y la gesti\u00f3n sostenible que desarrolla el Ministerio del Ambiente junto con la comunidad. Los legisladores, que arribaron a la Isla desde el muelle del Yacht Club, recorrieron la Ecoaldea, donde pudieron compartir con gente&hellip; <a href=\"https:\/\/www.ambienteyenergia.gob.ec\/ambiente\/presidenta-de-la-asamblea-constato-la-gestion-ambiental-de-isla-santay\/\">Read more &rarr;<\/a><\/p>\n","protected":false},"author":13,"featured_media":21640,"comment_status":"open","ping_status":"open","sticky":false,"template":"","format":"standard","meta":{"footnotes":""},"categories":[16,4],"tags":[],"class_list":["post-21638","post","type-post","status-publish","format-standard","has-post-thumbnail","hentry","category-comunicamos","category-noticias","xfolkentry"],"_links":{"self":[{"href":"https:\/\/www.ambienteyenergia.gob.ec\/ambiente\/wp-json\/wp\/v2\/posts\/21638","targetHints":{"allow":["GET"]}}],"collection":[{"href":"https:\/\/www.ambienteyenergia.gob.ec\/ambiente\/wp-json\/wp\/v2\/posts"}],"about":[{"href":"https:\/\/www.ambienteyenergia.gob.ec\/ambiente\/wp-json\/wp\/v2\/types\/post"}],"author":[{"embeddable":true,"href":"https:\/\/www.ambienteyenergia.gob.ec\/ambiente\/wp-json\/wp\/v2\/users\/13"}],"replies":[{"embeddable":true,"href":"https:\/\/www.ambienteyenergia.gob.ec\/ambiente\/wp-json\/wp\/v2\/comments?post=21638"}],"version-history":[{"count":0,"href":"https:\/\/www.ambienteyenergia.gob.ec\/ambiente\/wp-json\/wp\/v2\/posts\/21638\/revisions"}],"wp:featuredmedia":[{"embeddable":true,"href":"https:\/\/www.ambienteyenergia.gob.ec\/ambiente\/wp-json\/wp\/v2\/media\/21640"}],"wp:attachment":[{"href":"https:\/\/www.ambienteyenergia.gob.ec\/ambiente\/wp-json\/wp\/v2\/media?parent=21638"}],"wp:term":[{"taxonomy":"category","embeddable":true,"href":"https:\/\/www.ambienteyenergia.gob.ec\/ambiente\/wp-json\/wp\/v2\/categories?post=21638"},{"taxonomy":"post_tag","embeddable":true,"href":"https:\/\/www.ambienteyenergia.gob.ec\/ambiente\/wp-json\/wp\/v2\/tags?post=21638"}],"curies":[{"name":"wp","href":"https:\/\/api.w.org\/{rel}","templated":true}]}}