{"id":21632,"date":"2014-07-24T20:11:15","date_gmt":"2014-07-25T01:11:15","guid":{"rendered":"http:\/\/www.ambiente.gob.ec\/?p=21632"},"modified":"2014-07-26T20:33:06","modified_gmt":"2014-07-27T01:33:06","slug":"ministra-lorena-tapia-realizo-recorrido-por-isla-santay-por-las-fiestas-julianas","status":"publish","type":"post","link":"https:\/\/www.ambienteyenergia.gob.ec\/ambiente\/ministra-lorena-tapia-realizo-recorrido-por-isla-santay-por-las-fiestas-julianas\/","title":{"rendered":"Ministra Lorena Tapia realiz\u00f3 recorrido por Isla Santay por las fiestas Julianas"},"content":{"rendered":"<p style=\"text-align: justify;\">Hoy, la Ministra del Ambiente de Ecuador, Lorena Tapia, en el marco de las celebraciones de Fundaci\u00f3n de la ciudad de Guayaquil, realiz\u00f3 un recorrido por Isla Santay con el fin de constatar el manejo de este modelo de gesti\u00f3n ambiental y tur\u00edstica sostenible. Esta visita la realiz\u00f3 junto a funcionarios de esta Cartera de Estado y otros visitantes que se sumaron a la pedaleada en honor a su ciudad natal.<\/p>\n<p style=\"text-align: justify;\">Durante su visita a la Isla, la M\u00e1xima Autoridad Ambiental realiz\u00f3 un recorrido en bicicleta desde el puente que une Guayaquil con Santay, habilitado para su funcionamiento desde el pasado 4 de junio, con el fin de verificar el buen mantenimiento de los senderos ecol\u00f3gicos, la ecoaldea, la seguridad durante todo el trayecto y de esta forma invitar a los ciudadanos guayaquile\u00f1os a que disfruten de este ecosistema emblem\u00e1tico de la ciudad y del pa\u00eds.<\/p>\n<p style=\"text-align: justify;\">Su estad\u00eda en la ecoladea sirvi\u00f3 para que los pobladores se unan al recorrido por todos los espacios que ofrece a todos los turistas, iniciando con la caminera elevada en medio del manglar, para luego dirigirse al centro de interpretaci\u00f3n que servir\u00e1 como un espacio de educaci\u00f3n ambiental para quienes acudan a la Isla Santay. La Ministra constat\u00f3 la colocaci\u00f3n de los letreros informativos que permiten crear una conciencia ecol\u00f3gica en los visitantes ya que describen sobre las especies de flora y fauna de esta \u00e1rea protegida del Ecuador. \u00abEs importante que como guayaquile\u00f1os seamos responsables del cuidado de este espacio natural a trav\u00e9s de un adecuado comportamiento durante la visita, no escatimamos esfuerzos para que nuestros visitantes tengan una experiencia inolvidable en Santay\u00bb, enfatiz\u00f3 la Ministra del Ambiente Lorena Tapia.<\/p>\n<p style=\"text-align: justify;\">Por otro lado, la Ministra se sinti\u00f3 complacida con el gran trabajo de conservaci\u00f3n que se realiza en la isla con los cocodrilos que habitan permanentemente en un espacio establecido, que cumple con todas las caracter\u00edsticas del ecosistema natural de estos espec\u00edmenes de vida silvestre.<\/p>\n<p style=\"text-align: justify;\">Al concluir el recorrido por la ecoaldea, la Ministra Lorena Tapia, pudo conversar con los pobladores de la isla, a quienes los felicito por el arduo trabajo que realizan d\u00eda a d\u00eda, y los inst\u00f3 a que sigan en el camino que llevar\u00e1 a Santay a ser una isla emblem\u00e1tica, de car\u00e1cter ambiental a nivel no solo regional sino mundial. El Ministerio trabaja de la mano de la comunidad para implementar mejoras en la Isla que gracias al trabajo de esta Cartera de Estado se han concretado en beneficio de Guayaquil y del pa\u00eds.<\/p>\n<p style=\"text-align: justify;\"><strong>Visita recorrido por el \u00c1rea Nacional de Recreaci\u00f3n Samanes<\/strong><\/p>\n<p style=\"text-align: justify;\">En horas de la ma\u00f1ana la Ministra del Ambiente, Lorena Tapia, acompa\u00f1\u00f3 al Vicepresidente de la rep\u00fablica, Jorge Glass en un recorrido por el \u00c1rea Nacional de Recreaci\u00f3n Samanes, junto a varias autoridades.<\/p>\n<p style=\"text-align: justify;\">El objetivo de este encuentro fue el de verificar el cumplimiento de los trabajos que actualmente se realizan en Samanes, que contar\u00e1 con \u00c1reas Verdes y Lagunas, para el disfrute de los Guayaquile\u00f1os y de todos quienes deseen visitar el complejo de 851 hect\u00e1reas.<\/p>\n<p style=\"text-align: justify;\">Durante el recorrido que se realiz\u00f3 por medio de la caminera principal, la Autoridad Ambiental pudo constatar los avances de este proyecto.<\/p>\n<p style=\"text-align: justify;\">En esta esta etapa del \u00e1rea de recreaci\u00f3n se pudo constatar todas las obras que se encuentran en etapa de desarrollo y las que est\u00e1n pr\u00f3ximas a inaugurarse como las tres lagunas y el estadio Christian Ben\u00edtez Betancourt.<\/p>\n<p style=\"text-align: justify;\">Al finalizar este evento la Ministra, Lorena Tapia junto con el Vicepresidente, Jorge Glass, disfrutaron de un paseo en bote de pedal por una de las lagunas que estar\u00e1 dispuesta para este fin y luego compartieron con la ciudadan\u00eda en un almuerzo popular.<\/p>\n","protected":false},"excerpt":{"rendered":"<p class=\"excerpt\">Hoy, la Ministra del Ambiente de Ecuador, Lorena Tapia, en el marco de las celebraciones de Fundaci\u00f3n de la ciudad de Guayaquil, realiz\u00f3 un recorrido por Isla Santay con el fin de constatar el manejo de este modelo de gesti\u00f3n ambiental y tur\u00edstica sostenible. Esta visita la realiz\u00f3 junto a funcionarios de esta Cartera de Estado y otros visitantes que&hellip; <a href=\"https:\/\/www.ambienteyenergia.gob.ec\/ambiente\/ministra-lorena-tapia-realizo-recorrido-por-isla-santay-por-las-fiestas-julianas\/\">Read more &rarr;<\/a><\/p>\n","protected":false},"author":13,"featured_media":21675,"comment_status":"open","ping_status":"open","sticky":false,"template":"","format":"standard","meta":{"footnotes":""},"categories":[16,4],"tags":[],"class_list":["post-21632","post","type-post","status-publish","format-standard","has-post-thumbnail","hentry","category-comunicamos","category-noticias","xfolkentry"],"_links":{"self":[{"href":"https:\/\/www.ambienteyenergia.gob.ec\/ambiente\/wp-json\/wp\/v2\/posts\/21632","targetHints":{"allow":["GET"]}}],"collection":[{"href":"https:\/\/www.ambienteyenergia.gob.ec\/ambiente\/wp-json\/wp\/v2\/posts"}],"about":[{"href":"https:\/\/www.ambienteyenergia.gob.ec\/ambiente\/wp-json\/wp\/v2\/types\/post"}],"author":[{"embeddable":true,"href":"https:\/\/www.ambienteyenergia.gob.ec\/ambiente\/wp-json\/wp\/v2\/users\/13"}],"replies":[{"embeddable":true,"href":"https:\/\/www.ambienteyenergia.gob.ec\/ambiente\/wp-json\/wp\/v2\/comments?post=21632"}],"version-history":[{"count":0,"href":"https:\/\/www.ambienteyenergia.gob.ec\/ambiente\/wp-json\/wp\/v2\/posts\/21632\/revisions"}],"wp:featuredmedia":[{"embeddable":true,"href":"https:\/\/www.ambienteyenergia.gob.ec\/ambiente\/wp-json\/wp\/v2\/media\/21675"}],"wp:attachment":[{"href":"https:\/\/www.ambienteyenergia.gob.ec\/ambiente\/wp-json\/wp\/v2\/media?parent=21632"}],"wp:term":[{"taxonomy":"category","embeddable":true,"href":"https:\/\/www.ambienteyenergia.gob.ec\/ambiente\/wp-json\/wp\/v2\/categories?post=21632"},{"taxonomy":"post_tag","embeddable":true,"href":"https:\/\/www.ambienteyenergia.gob.ec\/ambiente\/wp-json\/wp\/v2\/tags?post=21632"}],"curies":[{"name":"wp","href":"https:\/\/api.w.org\/{rel}","templated":true}]}}