{"id":21620,"date":"2014-07-24T17:03:08","date_gmt":"2014-07-24T22:03:08","guid":{"rendered":"http:\/\/www.ambiente.gob.ec\/?p=21620"},"modified":"2014-07-24T17:03:08","modified_gmt":"2014-07-24T22:03:08","slug":"inicio-nueva-fase-de-ecotalleres-en-la-parroquia-ulba-de-banos-de-agua-santa","status":"publish","type":"post","link":"https:\/\/www.ambienteyenergia.gob.ec\/ambiente\/inicio-nueva-fase-de-ecotalleres-en-la-parroquia-ulba-de-banos-de-agua-santa\/","title":{"rendered":"Inici\u00f3 nueva fase de ecotalleres en la parroquia Ulba de Ba\u00f1os de Agua Santa"},"content":{"rendered":"<p style=\"text-align: justify;\"><strong>Inici\u00f3 nueva fase de ecotalleres en la parroquia Ulba de Ba\u00f1os de Agua Santa<\/strong><\/p>\n<p style=\"text-align: justify;\">Como parte del programa de Educaci\u00f3n Ambiental ciudadana que ejecuta el Ministerio del Ambiente del Ecuador (MAE), ayer inici\u00f3 formalmente la tercera fase de capacitaci\u00f3n y formaci\u00f3n de promotores Ambientales. Alrededor de 27 pobladores de la Parroquia Ulba del cant\u00f3n Ba\u00f1os de Agua Santa en la provincia de Tungurahua, forman parte de este nuevo proceso.<\/p>\n<p style=\"text-align: justify;\">Los t\u00e9cnicos del Ministerio del Ambiente responsables de facilitar el Ecotaller entregaron a cada uno de los participantes cinco m\u00f3dulos de la serie educativa para la formaci\u00f3n de promotores ambientales comunitarios.<\/p>\n<p style=\"text-align: justify;\">Los temas que se tratar\u00e1n en los m\u00f3dulos son promotor ambiental comunitario, Educar para la conservaci\u00f3n de la biodiversidad, gesti\u00f3n ambiental y educaci\u00f3n ambiental comunitaria en la pr\u00e1ctica. Enfoques que ayudar\u00e1n a la comprensi\u00f3n y formaci\u00f3n de l\u00edderes con criterio, propositivos, din\u00e1micos y sobretodo que ayudar\u00e1n a las autoridades locales a identificar los problemas ambientales y proponer alternativas de soluci\u00f3n, adem\u00e1s de contribuir a la socializaci\u00f3n y sensibilizaci\u00f3n ambiental en su comunidad.<\/p>\n<p style=\"text-align: justify;\">El Ecotaller\u00a0 de Ulba tendr\u00e1 lugar todos los d\u00edas mi\u00e9rcoles por la tarde con una \u00a0duraci\u00f3n de 80 horas.<\/p>\n<p style=\"text-align: justify;\">Al finalizar el evento el Ministerio del Ambiente con el apoyo de la Universidad Escuela Superior\u00a0 Polit\u00e9cnica del Ej\u00e9rcito\u00a0 (ESPE) \u00a0entregar\u00e1n certificados de aprobaci\u00f3n que califican como un Promotor Ambiental Comunitario.<\/p>\n","protected":false},"excerpt":{"rendered":"<p class=\"excerpt\">Inici\u00f3 nueva fase de ecotalleres en la parroquia Ulba de Ba\u00f1os de Agua Santa Como parte del programa de Educaci\u00f3n Ambiental ciudadana que ejecuta el Ministerio del Ambiente del Ecuador (MAE), ayer inici\u00f3 formalmente la tercera fase de capacitaci\u00f3n y formaci\u00f3n de promotores Ambientales. Alrededor de 27 pobladores de la Parroquia Ulba del cant\u00f3n Ba\u00f1os de Agua Santa en la&hellip; <a href=\"https:\/\/www.ambienteyenergia.gob.ec\/ambiente\/inicio-nueva-fase-de-ecotalleres-en-la-parroquia-ulba-de-banos-de-agua-santa\/\">Read more &rarr;<\/a><\/p>\n","protected":false},"author":13,"featured_media":21623,"comment_status":"open","ping_status":"open","sticky":false,"template":"","format":"standard","meta":{"footnotes":""},"categories":[16,4],"tags":[],"class_list":["post-21620","post","type-post","status-publish","format-standard","has-post-thumbnail","hentry","category-comunicamos","category-noticias","xfolkentry"],"_links":{"self":[{"href":"https:\/\/www.ambienteyenergia.gob.ec\/ambiente\/wp-json\/wp\/v2\/posts\/21620","targetHints":{"allow":["GET"]}}],"collection":[{"href":"https:\/\/www.ambienteyenergia.gob.ec\/ambiente\/wp-json\/wp\/v2\/posts"}],"about":[{"href":"https:\/\/www.ambienteyenergia.gob.ec\/ambiente\/wp-json\/wp\/v2\/types\/post"}],"author":[{"embeddable":true,"href":"https:\/\/www.ambienteyenergia.gob.ec\/ambiente\/wp-json\/wp\/v2\/users\/13"}],"replies":[{"embeddable":true,"href":"https:\/\/www.ambienteyenergia.gob.ec\/ambiente\/wp-json\/wp\/v2\/comments?post=21620"}],"version-history":[{"count":0,"href":"https:\/\/www.ambienteyenergia.gob.ec\/ambiente\/wp-json\/wp\/v2\/posts\/21620\/revisions"}],"wp:featuredmedia":[{"embeddable":true,"href":"https:\/\/www.ambienteyenergia.gob.ec\/ambiente\/wp-json\/wp\/v2\/media\/21623"}],"wp:attachment":[{"href":"https:\/\/www.ambienteyenergia.gob.ec\/ambiente\/wp-json\/wp\/v2\/media?parent=21620"}],"wp:term":[{"taxonomy":"category","embeddable":true,"href":"https:\/\/www.ambienteyenergia.gob.ec\/ambiente\/wp-json\/wp\/v2\/categories?post=21620"},{"taxonomy":"post_tag","embeddable":true,"href":"https:\/\/www.ambienteyenergia.gob.ec\/ambiente\/wp-json\/wp\/v2\/tags?post=21620"}],"curies":[{"name":"wp","href":"https:\/\/api.w.org\/{rel}","templated":true}]}}