{"id":21615,"date":"2014-07-24T14:33:55","date_gmt":"2014-07-24T19:33:55","guid":{"rendered":"http:\/\/www.ambiente.gob.ec\/?p=21615"},"modified":"2014-07-24T14:33:55","modified_gmt":"2014-07-24T19:33:55","slug":"ecuador-participa-en-la-xxxi-reunion-tecnico-administrativa-de-la-vicuna-en-la-paz-bolivia","status":"publish","type":"post","link":"https:\/\/www.ambienteyenergia.gob.ec\/ambiente\/ecuador-participa-en-la-xxxi-reunion-tecnico-administrativa-de-la-vicuna-en-la-paz-bolivia\/","title":{"rendered":"Ecuador participa en la XXXI Reuni\u00f3n T\u00e9cnico Administrativa de la Vicu\u00f1a en la Paz Bolivia"},"content":{"rendered":"<p style=\"text-align: justify;\">El Ministerio del Ambiente (MAE) particip\u00f3 en el acto inaugural de la XXXI Reuni\u00f3n T\u00e9cnico Administrativa de la Vicu\u00f1a, desarrollada en la ciudad de la Paz &#8211; Bolivia, como parte del Convenio de la Vicu\u00f1a al cual Ecuador est\u00e1 suscrito y que tiene como objetivo evaluar las acciones de conservaci\u00f3n, manejo y aprovechamiento de esta especie en Sudam\u00e9rica.<\/p>\n<p style=\"text-align: justify;\">Teresa P\u00e9rez Ch\u00e1vez, Directora General de Biodiversidad y \u00c1reas Protegidas del Estado Plurinacional de Bolivia, dio las palabras de bienvenida a las delegaciones de Ecuador, Per\u00fa, Chile y Argentina, pa\u00edses signatarios del mencionado Convenio.<\/p>\n<p style=\"text-align: justify;\">Los representantes de Ecuador, Marcelo Pino C\u00e1ceres, Punto Focal Nacional del Convenio de la Vicu\u00f1a y Myriam Piray Quezada, Administradora del \u00c1rea Protegida Reserva de Producci\u00f3n de Fauna Chimborazo aportaron recomendaciones en el desarrollo de la tem\u00e1tica \u00abCaza furtiva de vicu\u00f1as, necesidades de intercambio para el control de los pa\u00edses del convenio\u00bb.<\/p>\n<p style=\"text-align: justify;\">En la Reuni\u00f3n T\u00e9cnica del Convenio para la Conservaci\u00f3n y Manejo de la Vicu\u00f1a, que se desarrolla del 23 al 26 de julio del represente a\u00f1o, el MAE presenta el Informe Pa\u00eds con los resultados obtenidos en el \u00faltimo Estudio Poblacional de la Vicu\u00f1a en el cual se obtuvo un registro de 5 989 cam\u00e9lidos en la Reserva de Producci\u00f3n de FAUNA Chimborazo.<\/p>\n<p style=\"text-align: justify;\">Esta reuni\u00f3n busca fortalecer las relaciones internacionales de conservaci\u00f3n y manejo del cam\u00e9lido andino, as\u00ed como emitir resoluciones que beneficiar\u00e1n multilateralmente a los pa\u00edses miembros.<\/p>\n<p style=\"text-align: justify;\">El MAE por su parte continuar\u00e1 trabajando en proyectos de conservaci\u00f3n y manejo de la vicu\u00f1a para beneficio de las comunidades aleda\u00f1as al \u00c1rea Protegida, lugar donde habita esta especie de cam\u00e9lido.<\/p>\n<p style=\"text-align: justify;\">\n","protected":false},"excerpt":{"rendered":"<p class=\"excerpt\">El Ministerio del Ambiente (MAE) particip\u00f3 en el acto inaugural de la XXXI Reuni\u00f3n T\u00e9cnico Administrativa de la Vicu\u00f1a, desarrollada en la ciudad de la Paz &#8211; Bolivia, como parte del Convenio de la Vicu\u00f1a al cual Ecuador est\u00e1 suscrito y que tiene como objetivo evaluar las acciones de conservaci\u00f3n, manejo y aprovechamiento de esta especie en Sudam\u00e9rica. Teresa P\u00e9rez&hellip; <a href=\"https:\/\/www.ambienteyenergia.gob.ec\/ambiente\/ecuador-participa-en-la-xxxi-reunion-tecnico-administrativa-de-la-vicuna-en-la-paz-bolivia\/\">Read more &rarr;<\/a><\/p>\n","protected":false},"author":13,"featured_media":21616,"comment_status":"open","ping_status":"open","sticky":false,"template":"","format":"standard","meta":{"footnotes":""},"categories":[16,4],"tags":[],"class_list":["post-21615","post","type-post","status-publish","format-standard","has-post-thumbnail","hentry","category-comunicamos","category-noticias","xfolkentry"],"_links":{"self":[{"href":"https:\/\/www.ambienteyenergia.gob.ec\/ambiente\/wp-json\/wp\/v2\/posts\/21615","targetHints":{"allow":["GET"]}}],"collection":[{"href":"https:\/\/www.ambienteyenergia.gob.ec\/ambiente\/wp-json\/wp\/v2\/posts"}],"about":[{"href":"https:\/\/www.ambienteyenergia.gob.ec\/ambiente\/wp-json\/wp\/v2\/types\/post"}],"author":[{"embeddable":true,"href":"https:\/\/www.ambienteyenergia.gob.ec\/ambiente\/wp-json\/wp\/v2\/users\/13"}],"replies":[{"embeddable":true,"href":"https:\/\/www.ambienteyenergia.gob.ec\/ambiente\/wp-json\/wp\/v2\/comments?post=21615"}],"version-history":[{"count":0,"href":"https:\/\/www.ambienteyenergia.gob.ec\/ambiente\/wp-json\/wp\/v2\/posts\/21615\/revisions"}],"wp:featuredmedia":[{"embeddable":true,"href":"https:\/\/www.ambienteyenergia.gob.ec\/ambiente\/wp-json\/wp\/v2\/media\/21616"}],"wp:attachment":[{"href":"https:\/\/www.ambienteyenergia.gob.ec\/ambiente\/wp-json\/wp\/v2\/media?parent=21615"}],"wp:term":[{"taxonomy":"category","embeddable":true,"href":"https:\/\/www.ambienteyenergia.gob.ec\/ambiente\/wp-json\/wp\/v2\/categories?post=21615"},{"taxonomy":"post_tag","embeddable":true,"href":"https:\/\/www.ambienteyenergia.gob.ec\/ambiente\/wp-json\/wp\/v2\/tags?post=21615"}],"curies":[{"name":"wp","href":"https:\/\/api.w.org\/{rel}","templated":true}]}}