{"id":21612,"date":"2014-07-23T15:58:49","date_gmt":"2014-07-23T20:58:49","guid":{"rendered":"http:\/\/www.ambiente.gob.ec\/?p=21612"},"modified":"2014-07-23T15:58:49","modified_gmt":"2014-07-23T20:58:49","slug":"mae-realizo-taller-de-capacitacion-sobre-normativa-ambiental-y-manejo-de-suia","status":"publish","type":"post","link":"https:\/\/www.ambienteyenergia.gob.ec\/ambiente\/mae-realizo-taller-de-capacitacion-sobre-normativa-ambiental-y-manejo-de-suia\/","title":{"rendered":"MAE realiz\u00f3 Taller de Capacitaci\u00f3n sobre Normativa Ambiental y Manejo de SUIA"},"content":{"rendered":"<p style=\"text-align: justify;\">El Ministerio del Ambiente de Ecuador (MAE), a trav\u00e9s de la Direcci\u00f3n Provincial del Ambiente de Imbabura, realiz\u00f3 un Taller de Normativa Ambiental Vigente y Manejo Pr\u00e1ctico del Sistema \u00danico Informaci\u00f3n Ambiental (SUIA), en coordinaci\u00f3n con los GAD Municipales y Gobierno Provincial de Imbabura.<\/p>\n<p style=\"text-align: justify;\">\nEl evento se desarroll\u00f3 en la sala de Conferencias del Gobierno Provincial de Imbabura, con la participaci\u00f3n de los responsables Ambientales de los diferentes GAD Municipales de la Provincia, as\u00ed como tambi\u00e9n de las entidades P\u00fablicas que se relacionan de manera directa o indirecta con el ambiente como Ministerio de Salud, Ministerio de Desarrollo Urbano y Vivienda (MIDUVI), Ministerio de Obras P\u00fablicas, entre otras instituciones p\u00fablicas.<\/p>\n<p style=\"text-align: justify;\">\nLos encargados de realizar la capacitaci\u00f3n fueron los t\u00e9cnicos de la Unidad de Calidad Ambiental del MAE, quienes realizaron ejercicios pr\u00e1cticos del manejo del SUIA, tratando en lo posible de cubrir las expectativas de los m\u00e1s de 30 participantes.<\/p>\n<p style=\"text-align: justify;\">\nEl motivo de realizar este taller es fortalecer el conocimiento a los nuevos t\u00e9cnicos que forman parte de las Unidades Ambientales de los GAD y de las diferentes empresas publicas presentes.<\/p>\n<p style=\"text-align: justify;\">\n","protected":false},"excerpt":{"rendered":"<p class=\"excerpt\">El Ministerio del Ambiente de Ecuador (MAE), a trav\u00e9s de la Direcci\u00f3n Provincial del Ambiente de Imbabura, realiz\u00f3 un Taller de Normativa Ambiental Vigente y Manejo Pr\u00e1ctico del Sistema \u00danico Informaci\u00f3n Ambiental (SUIA), en coordinaci\u00f3n con los GAD Municipales y Gobierno Provincial de Imbabura. El evento se desarroll\u00f3 en la sala de Conferencias del Gobierno Provincial de Imbabura, con la&hellip; <a href=\"https:\/\/www.ambienteyenergia.gob.ec\/ambiente\/mae-realizo-taller-de-capacitacion-sobre-normativa-ambiental-y-manejo-de-suia\/\">Read more &rarr;<\/a><\/p>\n","protected":false},"author":13,"featured_media":21613,"comment_status":"open","ping_status":"open","sticky":false,"template":"","format":"standard","meta":{"footnotes":""},"categories":[16,4],"tags":[],"class_list":["post-21612","post","type-post","status-publish","format-standard","has-post-thumbnail","hentry","category-comunicamos","category-noticias","xfolkentry"],"_links":{"self":[{"href":"https:\/\/www.ambienteyenergia.gob.ec\/ambiente\/wp-json\/wp\/v2\/posts\/21612","targetHints":{"allow":["GET"]}}],"collection":[{"href":"https:\/\/www.ambienteyenergia.gob.ec\/ambiente\/wp-json\/wp\/v2\/posts"}],"about":[{"href":"https:\/\/www.ambienteyenergia.gob.ec\/ambiente\/wp-json\/wp\/v2\/types\/post"}],"author":[{"embeddable":true,"href":"https:\/\/www.ambienteyenergia.gob.ec\/ambiente\/wp-json\/wp\/v2\/users\/13"}],"replies":[{"embeddable":true,"href":"https:\/\/www.ambienteyenergia.gob.ec\/ambiente\/wp-json\/wp\/v2\/comments?post=21612"}],"version-history":[{"count":0,"href":"https:\/\/www.ambienteyenergia.gob.ec\/ambiente\/wp-json\/wp\/v2\/posts\/21612\/revisions"}],"wp:featuredmedia":[{"embeddable":true,"href":"https:\/\/www.ambienteyenergia.gob.ec\/ambiente\/wp-json\/wp\/v2\/media\/21613"}],"wp:attachment":[{"href":"https:\/\/www.ambienteyenergia.gob.ec\/ambiente\/wp-json\/wp\/v2\/media?parent=21612"}],"wp:term":[{"taxonomy":"category","embeddable":true,"href":"https:\/\/www.ambienteyenergia.gob.ec\/ambiente\/wp-json\/wp\/v2\/categories?post=21612"},{"taxonomy":"post_tag","embeddable":true,"href":"https:\/\/www.ambienteyenergia.gob.ec\/ambiente\/wp-json\/wp\/v2\/tags?post=21612"}],"curies":[{"name":"wp","href":"https:\/\/api.w.org\/{rel}","templated":true}]}}