{"id":21607,"date":"2014-07-23T09:16:36","date_gmt":"2014-07-23T14:16:36","guid":{"rendered":"http:\/\/www.ambiente.gob.ec\/?p=21607"},"modified":"2014-07-23T09:16:36","modified_gmt":"2014-07-23T14:16:36","slug":"mae-avala-y-participa-en-la-expedicion-cientifica-yasuni","status":"publish","type":"post","link":"https:\/\/www.ambienteyenergia.gob.ec\/ambiente\/mae-avala-y-participa-en-la-expedicion-cientifica-yasuni\/","title":{"rendered":"MAE avala y participa en la Expedici\u00f3n Cient\u00edfica Yasun\u00ed"},"content":{"rendered":"<p style=\"text-align: justify;\">Desde este 15 de julio, la Estaci\u00f3n Cient\u00edfica Yasun\u00ed recibi\u00f3 al mayor despliegue de naturalistas, bi\u00f3logos, educaci\u00f3n ambiental, biofotograf\u00eda, entre otros, en el marco del desarrollo de la Expedici\u00f3n Cient\u00edfica Yasun\u00ed, un programa de investigaci\u00f3n y capacitaci\u00f3n para el manejo de fauna silvestre, avalada por el Ministerio del Ambiente del Ecuador (MAE).<\/p>\n<p style=\"text-align: justify;\">Este evento, organizado por el Instituto de Biodiversidad Tropical de Espa\u00f1a (IBT) y la Pontificia Universidad Cat\u00f3lica del Ecuador (PUCE), ha sido oficializado por esta Cartera de Estado, con la finalidad de contribuir al desarrollo de investigaciones en el Parque Nacional Yasun\u00ed (PNY), una de las \u00e1reas m\u00e1s biodiversas del planeta.<\/p>\n<p style=\"text-align: justify;\"><strong>Aportaci\u00f3n y soporte del MAE en la Expedici\u00f3n <\/strong><\/p>\n<p style=\"text-align: justify;\">Como parte del trabajo coordinado que mantiene el MAE con la Universidad Cat\u00f3lica, responsable de la Estaci\u00f3n Cient\u00edfica Yasun\u00ed (ubicada en el Parque desde 1994), esta Secretar\u00eda de Estado ha contribuido en los temas de log\u00edstica y movilizaci\u00f3n de los participantes, as\u00ed como de la seguridad en territorio.<\/p>\n<p style=\"text-align: justify;\">El contingente del PNY-MAE acompa\u00f1ar\u00e1 y guiar\u00e1 las salidas de los expedicionarios al campo. Los guardaparques y t\u00e9cnicos verificar\u00e1n que las excursiones se realicen en lugares que no interfieran con la din\u00e1mica de las comunidades que se asientan en la zona, y de los animales que transitan por la misma, para evitar posibles peligros.<\/p>\n<p style=\"text-align: justify;\">\u201cEl MAE no escatimar\u00e1 esfuerzos y dar\u00e1 todo el apoyo necesario para que los resultados de las investigaciones aporten al fortalecimiento y optimizaci\u00f3n de las acciones que efect\u00faa para proteger y conservar el patrimonio natural y cultural de esta \u00c1rea Protegida, desde 1979\u201d, resalt\u00f3 Jos\u00e9 Narv\u00e1ez, Responsable del PNY.<\/p>\n<p style=\"text-align: justify;\"><strong>Capacitaci\u00f3n del Equipo del PNY<\/strong><\/p>\n<p style=\"text-align: justify;\">Adem\u00e1s de los estudiantes y expertos de m\u00e1s de 20 pa\u00edses de todo el mundo, los guardaparques y t\u00e9cnicos del Parque Nacional Yasun\u00ed est\u00e1n participando en los cursos de manejo e investigaci\u00f3n enfocados en herpetolog\u00eda (estudio de reptiles y anfibios), mastozoolog\u00eda (estudio de mam\u00edferos) y ornitolog\u00eda (estudio de aves).<\/p>\n<p style=\"text-align: justify;\">Para Jos\u00e9 Narv\u00e1ez, las experiencias que se van a adquirir en esta Expedici\u00f3n, ser\u00e1n fundamentales para fortalecer los conocimientos del equipo que trabaja a diario en el control y vigilancia, educaci\u00f3n ambiental, y turismo dentro del Parque.<\/p>\n<p style=\"text-align: justify;\">\u201cAprender las t\u00e9cnicas correctas de manejo de animales, es de suma de importancia para todos los que cuidamos el PNY. Otro de los ejes de trabajo de este contingente es la conservaci\u00f3n y manejo de vida silvestre. Cuando rescatamos animales, nuestro principal objetivo es salvaguardar su vida, para su posterior liberaci\u00f3n. Es fundamental que sepamos c\u00f3mo ayudarlos sin causarles da\u00f1o, y sin que corramos peligro\u201d, explic\u00f3 el Responsable del PNY.<\/p>\n<p style=\"text-align: justify;\">\n<p style=\"text-align: justify;\"><strong>La Expedici\u00f3n<\/strong><\/p>\n<p style=\"text-align: justify;\">Este programa de alto nivel cient\u00edfico inici\u00f3 el pasado martes en la ciudad de Puyo (Pastaza), con un curso de manejo de fauna y bioseguridad, un requisito previo para que los expedicionarios puedan ingresar al Parque. Adem\u00e1s, aprendieron sobre cuestiones b\u00e1sicas de seguridad, y rastreo de animales.<\/p>\n<p style=\"text-align: justify;\">\u00a0De acuerdo con la organizaci\u00f3n, se espera la llegada de nuevos participantes cada dos semanas. El 15 de septiembre se realizar\u00e1 la clausura de todos los m\u00f3dulos.<\/p>\n<p style=\"text-align: justify;\">Miguel Rodr\u00edguez, Director de Planificaci\u00f3n y Gesti\u00f3n Estrat\u00e9gica de la Estaci\u00f3n Cient\u00edfica Yasun\u00ed, de la PUCE, explic\u00f3 que en la capacitaci\u00f3n se dictar\u00e1n clases sobre Mariposas amaz\u00f3nicas, biolog\u00eda y m\u00e9todos de estudio; mam\u00edferos, t\u00e9cnicas de captura, manejo y monitoreo; taller de ecolog\u00eda, sistem\u00e1tica y bot\u00e1nica econ\u00f3mica de palmeras amaz\u00f3nicas; y cursos internacionales de herpetofauna, aves y rescate de flora.<\/p>\n<p style=\"text-align: justify;\">Los participantes saldr\u00e1n a territorio para aplicar las t\u00e9cnicas de rastreo de animales, har\u00e1n capturas no lesivas con fines educativos y recopilar\u00e1n datos que ser\u00e1n parte de una publicaci\u00f3n de contenido cient\u00edfico, avalado por el IBT, la Universidad Cat\u00f3lica y el MAE. Adem\u00e1s, incrementar\u00e1n la informaci\u00f3n que maneja el PNY.<\/p>\n<p style=\"text-align: justify;\"><strong>Participaci\u00f3n de expertos internacionales<\/strong><\/p>\n<p style=\"text-align: justify;\">Los capacitadores son miembros del Instituto de Biodiversidad Tropical de Espa\u00f1a, instituci\u00f3n con m\u00e1s de 15 a\u00f1os de experiencia en cursos de capacitaci\u00f3n a escala mundial, docentes e investigadores del Instituto de Ciencia y Tecnolog\u00edas Ambientales (ICTA) de la Universidad Aut\u00f3noma de Barcelona. Entre ellos, Jordina Belmonte, Directora, y el Premio Mundial de Medio Ambiente de las Naciones Unidas, Mart\u00ed Boada, etc.<\/p>\n<p style=\"text-align: justify;\">\u00a0\u201cEsta expedici\u00f3n es importante no solo porque Yasun\u00ed es el reservorio de biodiversidad m\u00e1s importante del mundo, sino porque la zona es un indicador de la salud del planeta. Ac\u00e1 tendremos la oportunidad de determinar qu\u00e9 est\u00e1 pasado, y as\u00ed tomar las medidas correspondiente\u201d, indic\u00f3 Boada.<\/p>\n<p style=\"text-align: justify;\">Asimismo, resalt\u00f3 que adem\u00e1s de aprender y compartir experiencias en cuanto el patrimonio de natural ecuatoriano, otro aporte fundamental ser\u00e1 la difusi\u00f3n de la informaci\u00f3n que existe y que se est\u00e1 generando sobre este ecosistema. Desde su perspectiva, es necesario que toda la ciudadan\u00eda, y no solo aquellas personas relacionadas con la ciencia y la ecolog\u00eda, est\u00e9n involucradas en este tema fundamental, para que sean parte de las acciones de protecci\u00f3n y conservaci\u00f3n.<\/p>\n<p style=\"text-align: justify;\">\n","protected":false},"excerpt":{"rendered":"<p class=\"excerpt\">Desde este 15 de julio, la Estaci\u00f3n Cient\u00edfica Yasun\u00ed recibi\u00f3 al mayor despliegue de naturalistas, bi\u00f3logos, educaci\u00f3n ambiental, biofotograf\u00eda, entre otros, en el marco del desarrollo de la Expedici\u00f3n Cient\u00edfica Yasun\u00ed, un programa de investigaci\u00f3n y capacitaci\u00f3n para el manejo de fauna silvestre, avalada por el Ministerio del Ambiente del Ecuador (MAE). Este evento, organizado por el Instituto de Biodiversidad&hellip; <a href=\"https:\/\/www.ambienteyenergia.gob.ec\/ambiente\/mae-avala-y-participa-en-la-expedicion-cientifica-yasuni\/\">Read more &rarr;<\/a><\/p>\n","protected":false},"author":13,"featured_media":21608,"comment_status":"open","ping_status":"open","sticky":false,"template":"","format":"standard","meta":{"footnotes":""},"categories":[16,4],"tags":[],"class_list":["post-21607","post","type-post","status-publish","format-standard","has-post-thumbnail","hentry","category-comunicamos","category-noticias","xfolkentry"],"_links":{"self":[{"href":"https:\/\/www.ambienteyenergia.gob.ec\/ambiente\/wp-json\/wp\/v2\/posts\/21607","targetHints":{"allow":["GET"]}}],"collection":[{"href":"https:\/\/www.ambienteyenergia.gob.ec\/ambiente\/wp-json\/wp\/v2\/posts"}],"about":[{"href":"https:\/\/www.ambienteyenergia.gob.ec\/ambiente\/wp-json\/wp\/v2\/types\/post"}],"author":[{"embeddable":true,"href":"https:\/\/www.ambienteyenergia.gob.ec\/ambiente\/wp-json\/wp\/v2\/users\/13"}],"replies":[{"embeddable":true,"href":"https:\/\/www.ambienteyenergia.gob.ec\/ambiente\/wp-json\/wp\/v2\/comments?post=21607"}],"version-history":[{"count":0,"href":"https:\/\/www.ambienteyenergia.gob.ec\/ambiente\/wp-json\/wp\/v2\/posts\/21607\/revisions"}],"wp:featuredmedia":[{"embeddable":true,"href":"https:\/\/www.ambienteyenergia.gob.ec\/ambiente\/wp-json\/wp\/v2\/media\/21608"}],"wp:attachment":[{"href":"https:\/\/www.ambienteyenergia.gob.ec\/ambiente\/wp-json\/wp\/v2\/media?parent=21607"}],"wp:term":[{"taxonomy":"category","embeddable":true,"href":"https:\/\/www.ambienteyenergia.gob.ec\/ambiente\/wp-json\/wp\/v2\/categories?post=21607"},{"taxonomy":"post_tag","embeddable":true,"href":"https:\/\/www.ambienteyenergia.gob.ec\/ambiente\/wp-json\/wp\/v2\/tags?post=21607"}],"curies":[{"name":"wp","href":"https:\/\/api.w.org\/{rel}","templated":true}]}}