{"id":21604,"date":"2014-07-23T09:07:58","date_gmt":"2014-07-23T14:07:58","guid":{"rendered":"http:\/\/www.ambiente.gob.ec\/?p=21604"},"modified":"2014-07-23T09:07:58","modified_gmt":"2014-07-23T14:07:58","slug":"equipo-del-parque-nacional-yasuni-se-capacito-en-primeros-auxilios-y-manejo-de-animales-silvestres","status":"publish","type":"post","link":"https:\/\/www.ambienteyenergia.gob.ec\/ambiente\/equipo-del-parque-nacional-yasuni-se-capacito-en-primeros-auxilios-y-manejo-de-animales-silvestres\/","title":{"rendered":"Equipo del Parque Nacional Yasun\u00ed se capacit\u00f3 en Primeros Auxilios y manejo de  animales silvestres"},"content":{"rendered":"<p style=\"text-align: justify;\">Como parte de su programa contra el tr\u00e1fico de vida silvestre, el Ministerio del Ambiente (MAE), a trav\u00e9s de su Unidad de Vida Silvestre, dict\u00f3 un taller te\u00f3rico-pr\u00e1ctico sobre manejo y protocolos de contenci\u00f3n f\u00edsica y qu\u00edmica para mam\u00edferos, aves y reptiles.<\/p>\n<p style=\"text-align: justify;\">A este taller, realizado en la ciudad del Coca (Orellana), asistieron funcionarios del Parque Nacional Yasun\u00ed (PNY), Reserva Biol\u00f3gica Limoncocha, Reserva de Producci\u00f3n Faun\u00edstica Cuyabeno y representantes de las Direcciones Provinciales de Orellana, Sucumb\u00edos y Napo, por ser zonas en las que se registran varios casos de denuncia, decomiso y rescate de fauna silvestre.<\/p>\n<p style=\"text-align: justify;\">Diego Naranjo, de la Unidad de Vida Silvestre del MAE en Orellana, explic\u00f3 que esta capacitaci\u00f3n se dividi\u00f3 en temas generales como primeros auxilios, manipulaci\u00f3n, contenci\u00f3n, Legislaci\u00f3n ambiental, y protocolos para el rescate de animales.<\/p>\n<p style=\"text-align: justify;\">\u201cCon lo aprendido en la capacitaci\u00f3n, los funcionarios de estas dependencias del MAE, que trabajan directamente con fauna silvestre, tendr\u00e1n los conocimientos necesarios para evitar cualquier tipo de da\u00f1o en el traslado de los espec\u00edmenes. Es necesario que sepamos qu\u00e9 hacer para salvaguardar la vida de un animal\u201d.<\/p>\n<p style=\"text-align: justify;\">En la parte te\u00f3rica, los asistentes aprendieron tambi\u00e9n sobre la Normativa Ambiental y dem\u00e1s leyes que regulan y controlan el tr\u00e1fico de fauna silvestre. Yolanda Gualoto, veterinaria especialista en vida silvestre del MAE, ense\u00f1\u00f3 la manera correcta para llenar las actas de decomiso, entrega y recepci\u00f3n, as\u00ed como de las fichas del animal, es decir, caracter\u00edsticas b\u00e1sicas, estado de salud, peso, circunstancias del rescate, etc.<\/p>\n<p style=\"text-align: justify;\">Asimismo, se abord\u00f3 el tema de la evaluaci\u00f3n los centros de tenencia de animales. El Ministerio del Ambiente exige a estos sitios ciertas caracter\u00edsticas que garanticen el bienestar de los espec\u00edmenes. Estos lugares son los custodios temporales de la fauna rescatada. All\u00ed son evaluados por el m\u00e9dico veterinario, reciben cuidados y son monitoreados hasta su posible liberaci\u00f3n.<\/p>\n<p style=\"text-align: justify;\">Para la parte pr\u00e1ctica, los funcionarios se trasladaron al zool\u00f3gico municipal Coca Zoo, donde Andr\u00e9s Ortega, veterinario y docente de la Universidad San Francisco de Quito, (USFQ), dio a conocer las t\u00e9cnicas correctas de contener y manipular animales. Con fines educativos, mostr\u00f3 aspectos generales para asegurar la salud de los animales.<\/p>\n<p style=\"text-align: justify;\">\u201cTodo esfuerzo por difundir un mensaje de conservaci\u00f3n y capacitar a la gente que est\u00e1 relacionada con fauna silvestre, el trato \u00e9tico y el bienestar animal, es fundamental. Por eso entregamos las herramientas para evitar que los animales y las personas que los recatan corran alg\u00fan peligro\u201d<\/p>\n<p style=\"text-align: justify;\">Para Edison Mej\u00eda, T\u00e9cnico de Control y Vigilancia del PNY, la capacitaci\u00f3n fue fundamental porque reforz\u00f3 los conocimientos que se debe tener el equipo que resguarda el patrimonio natural de esta \u00c1rea Protegida del pa\u00eds.<\/p>\n","protected":false},"excerpt":{"rendered":"<p class=\"excerpt\">Como parte de su programa contra el tr\u00e1fico de vida silvestre, el Ministerio del Ambiente (MAE), a trav\u00e9s de su Unidad de Vida Silvestre, dict\u00f3 un taller te\u00f3rico-pr\u00e1ctico sobre manejo y protocolos de contenci\u00f3n f\u00edsica y qu\u00edmica para mam\u00edferos, aves y reptiles. A este taller, realizado en la ciudad del Coca (Orellana), asistieron funcionarios del Parque Nacional Yasun\u00ed (PNY), Reserva&hellip; <a href=\"https:\/\/www.ambienteyenergia.gob.ec\/ambiente\/equipo-del-parque-nacional-yasuni-se-capacito-en-primeros-auxilios-y-manejo-de-animales-silvestres\/\">Read more &rarr;<\/a><\/p>\n","protected":false},"author":13,"featured_media":21605,"comment_status":"open","ping_status":"open","sticky":false,"template":"","format":"standard","meta":{"footnotes":""},"categories":[16,4],"tags":[],"class_list":["post-21604","post","type-post","status-publish","format-standard","has-post-thumbnail","hentry","category-comunicamos","category-noticias","xfolkentry"],"_links":{"self":[{"href":"https:\/\/www.ambienteyenergia.gob.ec\/ambiente\/wp-json\/wp\/v2\/posts\/21604","targetHints":{"allow":["GET"]}}],"collection":[{"href":"https:\/\/www.ambienteyenergia.gob.ec\/ambiente\/wp-json\/wp\/v2\/posts"}],"about":[{"href":"https:\/\/www.ambienteyenergia.gob.ec\/ambiente\/wp-json\/wp\/v2\/types\/post"}],"author":[{"embeddable":true,"href":"https:\/\/www.ambienteyenergia.gob.ec\/ambiente\/wp-json\/wp\/v2\/users\/13"}],"replies":[{"embeddable":true,"href":"https:\/\/www.ambienteyenergia.gob.ec\/ambiente\/wp-json\/wp\/v2\/comments?post=21604"}],"version-history":[{"count":0,"href":"https:\/\/www.ambienteyenergia.gob.ec\/ambiente\/wp-json\/wp\/v2\/posts\/21604\/revisions"}],"wp:featuredmedia":[{"embeddable":true,"href":"https:\/\/www.ambienteyenergia.gob.ec\/ambiente\/wp-json\/wp\/v2\/media\/21605"}],"wp:attachment":[{"href":"https:\/\/www.ambienteyenergia.gob.ec\/ambiente\/wp-json\/wp\/v2\/media?parent=21604"}],"wp:term":[{"taxonomy":"category","embeddable":true,"href":"https:\/\/www.ambienteyenergia.gob.ec\/ambiente\/wp-json\/wp\/v2\/categories?post=21604"},{"taxonomy":"post_tag","embeddable":true,"href":"https:\/\/www.ambienteyenergia.gob.ec\/ambiente\/wp-json\/wp\/v2\/tags?post=21604"}],"curies":[{"name":"wp","href":"https:\/\/api.w.org\/{rel}","templated":true}]}}