{"id":21600,"date":"2014-07-23T08:41:50","date_gmt":"2014-07-23T13:41:50","guid":{"rendered":"http:\/\/www.ambiente.gob.ec\/?p=21600"},"modified":"2014-07-23T14:46:22","modified_gmt":"2014-07-23T19:46:22","slug":"mae-socializo-sobre-educacion-ambiental-y-vida-silvestre-a-80-estudiantes-en-azuay","status":"publish","type":"post","link":"https:\/\/www.ambienteyenergia.gob.ec\/ambiente\/mae-socializo-sobre-educacion-ambiental-y-vida-silvestre-a-80-estudiantes-en-azuay\/","title":{"rendered":"MAE socializ\u00f3 sobre Educaci\u00f3n Ambiental y Vida Silvestre a 80 estudiantes en Azuay"},"content":{"rendered":"<p style=\"text-align: justify;\">El Ministerio del Ambiente de Ecuador (MAE), a trav\u00e9s de la Direcci\u00f3n Provincial de Azuay, llev\u00f3 a cabo una charla de Educaci\u00f3n Ambiental y Sensibilizaci\u00f3n sobre Vida Silvestre de Ecuador, la misma que fue impartida por Fernando Juela Bernal, t\u00e9cnico de la Unidad de Biodiversidad.<\/p>\n<p style=\"text-align: justify;\">En este evento se dieron cita alrededor de ochenta estudiantes de la Unidad Educativa Xavier Mu\u00f1oz Ch\u00e1vez, y varios docentes. La capacitaci\u00f3n se llev\u00f3 a cabo con el objetivo de concienciar sobre las caracter\u00edsticas especiales de la Vida Silvestre de nuestro pa\u00eds, dar a conocer las principales amenazas y beneficios de nuestra Vida Silvestre, fomentar compromisos de acci\u00f3n inmediata en beneficio de la conservaci\u00f3n de los recursos naturales, utilizando fotograf\u00edas y videos referentes a varios espec\u00edmenes de flora y fauna silvestre, adem\u00e1s de un video en relaci\u00f3n al c\u00f3ndor andino, en el marco de la celebraci\u00f3n del d\u00eda nacional del c\u00f3ndor andino.<\/p>\n<p style=\"text-align: justify;\">Adem\u00e1s se llev\u00f3 a cabo una capacitaci\u00f3n a alumnos del Colegio Arsenio Ullauri, de la Parroquia Llacao, con el objetivo de socializar las principales amenazas a las que est\u00e1n expuestos los espec\u00edmenes de vida silvestre como el trafico, caza y comercializaci\u00f3n de estas especies y los beneficios de la conservaci\u00f3n de nuestros recursos naturales, mediante una exposici\u00f3n fotogr\u00e1fica y de videos referentes a las especies que conserva nuestro ecosistema.<\/p>\n<p style=\"text-align: justify;\">Finalmente se invit\u00f3 a los estudiantes a participar activamente mediante peque\u00f1as acciones de ejecuci\u00f3n inmediata que empiezan desde el hogar.<\/p>\n","protected":false},"excerpt":{"rendered":"<p class=\"excerpt\">El Ministerio del Ambiente de Ecuador (MAE), a trav\u00e9s de la Direcci\u00f3n Provincial de Azuay, llev\u00f3 a cabo una charla de Educaci\u00f3n Ambiental y Sensibilizaci\u00f3n sobre Vida Silvestre de Ecuador, la misma que fue impartida por Fernando Juela Bernal, t\u00e9cnico de la Unidad de Biodiversidad. En este evento se dieron cita alrededor de ochenta estudiantes de la Unidad Educativa Xavier&hellip; <a href=\"https:\/\/www.ambienteyenergia.gob.ec\/ambiente\/mae-socializo-sobre-educacion-ambiental-y-vida-silvestre-a-80-estudiantes-en-azuay\/\">Read more &rarr;<\/a><\/p>\n","protected":false},"author":13,"featured_media":21601,"comment_status":"open","ping_status":"open","sticky":false,"template":"","format":"standard","meta":{"footnotes":""},"categories":[16,4],"tags":[],"class_list":["post-21600","post","type-post","status-publish","format-standard","has-post-thumbnail","hentry","category-comunicamos","category-noticias","xfolkentry"],"_links":{"self":[{"href":"https:\/\/www.ambienteyenergia.gob.ec\/ambiente\/wp-json\/wp\/v2\/posts\/21600","targetHints":{"allow":["GET"]}}],"collection":[{"href":"https:\/\/www.ambienteyenergia.gob.ec\/ambiente\/wp-json\/wp\/v2\/posts"}],"about":[{"href":"https:\/\/www.ambienteyenergia.gob.ec\/ambiente\/wp-json\/wp\/v2\/types\/post"}],"author":[{"embeddable":true,"href":"https:\/\/www.ambienteyenergia.gob.ec\/ambiente\/wp-json\/wp\/v2\/users\/13"}],"replies":[{"embeddable":true,"href":"https:\/\/www.ambienteyenergia.gob.ec\/ambiente\/wp-json\/wp\/v2\/comments?post=21600"}],"version-history":[{"count":0,"href":"https:\/\/www.ambienteyenergia.gob.ec\/ambiente\/wp-json\/wp\/v2\/posts\/21600\/revisions"}],"wp:featuredmedia":[{"embeddable":true,"href":"https:\/\/www.ambienteyenergia.gob.ec\/ambiente\/wp-json\/wp\/v2\/media\/21601"}],"wp:attachment":[{"href":"https:\/\/www.ambienteyenergia.gob.ec\/ambiente\/wp-json\/wp\/v2\/media?parent=21600"}],"wp:term":[{"taxonomy":"category","embeddable":true,"href":"https:\/\/www.ambienteyenergia.gob.ec\/ambiente\/wp-json\/wp\/v2\/categories?post=21600"},{"taxonomy":"post_tag","embeddable":true,"href":"https:\/\/www.ambienteyenergia.gob.ec\/ambiente\/wp-json\/wp\/v2\/tags?post=21600"}],"curies":[{"name":"wp","href":"https:\/\/api.w.org\/{rel}","templated":true}]}}