{"id":21596,"date":"2014-07-22T17:02:12","date_gmt":"2014-07-22T22:02:12","guid":{"rendered":"http:\/\/www.ambiente.gob.ec\/?p=21596"},"modified":"2014-07-22T17:02:51","modified_gmt":"2014-07-22T22:02:51","slug":"mae-socializo-sobre-plan-de-prevencion-de-incendios-forestales-y-plan-nacional-de-restauracion-forestal-en-imbabura","status":"publish","type":"post","link":"https:\/\/www.ambienteyenergia.gob.ec\/ambiente\/mae-socializo-sobre-plan-de-prevencion-de-incendios-forestales-y-plan-nacional-de-restauracion-forestal-en-imbabura\/","title":{"rendered":"MAE socializ\u00f3 sobre  Plan de Prevenci\u00f3n de Incendios Forestales y Plan Nacional de Restauraci\u00f3n Forestal en Imbabura"},"content":{"rendered":"<p style=\"text-align: justify;\">Hoy, el Ministerio del Ambiente de Ecuador (MAE), a trav\u00e9s de la Direcci\u00f3n Provincial del Ambiente de Imbabura, organiz\u00f3 una reuni\u00f3n con los representantes de 36 GAD parroquiales de la provincia, con el objetivo de socializar el Plan de Prevenci\u00f3n de Incendios Forestales y Plan Nacional de Restauraci\u00f3n Forestal.<\/p>\n<p style=\"text-align: justify;\">Con la participaci\u00f3n de 40 personas aproximadamente se dio inicio al evento que tuvo como finalidad la de socializar dichos planes y as\u00ed poder llegar a acuerdos y compromisos con cada uno de los GAD, en especial en materia de incendios forestales, que en esta \u00e9poca se intensifican en toda el pa\u00eds.<\/p>\n<p style=\"text-align: justify;\">En el marco del plan de restauraci\u00f3n forestal, se comunic\u00f3 sobre la meta provincial a nivel de reforestaci\u00f3n, que para este a\u00f1o se a plante\u00f3 en las 5 000 hect\u00e1reas.<\/p>\n<p style=\"text-align: justify;\">Al finalizar esta jornada de trabajo se lleg\u00f3 a desarrollar un cronograma de capacitaciones que brindar\u00e1 el MAE, por medio de sus t\u00e9cnicos, en conjunto con los sectoriales involucrados para el control y Prevenci\u00f3n de Incendios. Adem\u00e1s se firm\u00f3 un acta de acuerdos relacionados a la implementaci\u00f3n de plan de Contingencias, mesas tem\u00e1ticas cantonales, Gesti\u00f3n de Riesgos y la elaboraci\u00f3n de los planes de desarrollo y ordenamiento territorial parroquiales.<\/p>\n","protected":false},"excerpt":{"rendered":"<p class=\"excerpt\">Hoy, el Ministerio del Ambiente de Ecuador (MAE), a trav\u00e9s de la Direcci\u00f3n Provincial del Ambiente de Imbabura, organiz\u00f3 una reuni\u00f3n con los representantes de 36 GAD parroquiales de la provincia, con el objetivo de socializar el Plan de Prevenci\u00f3n de Incendios Forestales y Plan Nacional de Restauraci\u00f3n Forestal. Con la participaci\u00f3n de 40 personas aproximadamente se dio inicio al&hellip; <a href=\"https:\/\/www.ambienteyenergia.gob.ec\/ambiente\/mae-socializo-sobre-plan-de-prevencion-de-incendios-forestales-y-plan-nacional-de-restauracion-forestal-en-imbabura\/\">Read more &rarr;<\/a><\/p>\n","protected":false},"author":13,"featured_media":21597,"comment_status":"open","ping_status":"open","sticky":false,"template":"","format":"standard","meta":{"footnotes":""},"categories":[16,4],"tags":[],"class_list":["post-21596","post","type-post","status-publish","format-standard","has-post-thumbnail","hentry","category-comunicamos","category-noticias","xfolkentry"],"_links":{"self":[{"href":"https:\/\/www.ambienteyenergia.gob.ec\/ambiente\/wp-json\/wp\/v2\/posts\/21596","targetHints":{"allow":["GET"]}}],"collection":[{"href":"https:\/\/www.ambienteyenergia.gob.ec\/ambiente\/wp-json\/wp\/v2\/posts"}],"about":[{"href":"https:\/\/www.ambienteyenergia.gob.ec\/ambiente\/wp-json\/wp\/v2\/types\/post"}],"author":[{"embeddable":true,"href":"https:\/\/www.ambienteyenergia.gob.ec\/ambiente\/wp-json\/wp\/v2\/users\/13"}],"replies":[{"embeddable":true,"href":"https:\/\/www.ambienteyenergia.gob.ec\/ambiente\/wp-json\/wp\/v2\/comments?post=21596"}],"version-history":[{"count":0,"href":"https:\/\/www.ambienteyenergia.gob.ec\/ambiente\/wp-json\/wp\/v2\/posts\/21596\/revisions"}],"wp:featuredmedia":[{"embeddable":true,"href":"https:\/\/www.ambienteyenergia.gob.ec\/ambiente\/wp-json\/wp\/v2\/media\/21597"}],"wp:attachment":[{"href":"https:\/\/www.ambienteyenergia.gob.ec\/ambiente\/wp-json\/wp\/v2\/media?parent=21596"}],"wp:term":[{"taxonomy":"category","embeddable":true,"href":"https:\/\/www.ambienteyenergia.gob.ec\/ambiente\/wp-json\/wp\/v2\/categories?post=21596"},{"taxonomy":"post_tag","embeddable":true,"href":"https:\/\/www.ambienteyenergia.gob.ec\/ambiente\/wp-json\/wp\/v2\/tags?post=21596"}],"curies":[{"name":"wp","href":"https:\/\/api.w.org\/{rel}","templated":true}]}}