{"id":21593,"date":"2014-07-22T16:55:39","date_gmt":"2014-07-22T21:55:39","guid":{"rendered":"http:\/\/www.ambiente.gob.ec\/?p=21593"},"modified":"2014-07-22T16:55:39","modified_gmt":"2014-07-22T21:55:39","slug":"funcionarios-de-la-defensoria-fueron-capacitados-en-la-aplicacion-de-la-politica-publica-de-reparacion-integral-de-pasivos-ambientales-que-impulsa-el-mae","status":"publish","type":"post","link":"https:\/\/www.ambienteyenergia.gob.ec\/ambiente\/funcionarios-de-la-defensoria-fueron-capacitados-en-la-aplicacion-de-la-politica-publica-de-reparacion-integral-de-pasivos-ambientales-que-impulsa-el-mae\/","title":{"rendered":"Funcionarios de la Defensor\u00eda fueron capacitados en la aplicaci\u00f3n de la Pol\u00edtica P\u00fablica de Reparaci\u00f3n Integral de pasivos ambientales que impulsa el MAE"},"content":{"rendered":"<p style=\"text-align: justify;\">Especialistas del Programa de Reparaci\u00f3n Ambiental y Social (PRAS) del Ministerio del Ambiente (MAE) socializaron la Pol\u00edtica P\u00fablica de Reparaci\u00f3n Integral asociada a pasivos ambientales, con m\u00e1s de treinta funcionarios de las direcciones provinciales de la Defensor\u00eda del Pueblo.<\/p>\n<p style=\"text-align: justify;\">En la jornada que se desarroll\u00f3 en Quito, el 18 de julio, los participantes pudieron conocer lo que implica la pol\u00edtica p\u00fablica encaminada a garantizar la reparaci\u00f3n integral de los da\u00f1os ambientales para contribuir al mejoramiento de la calidad de vida de los ecuatorianos y la protecci\u00f3n de los derechos de la naturaleza.<\/p>\n<p style=\"text-align: justify;\">Durante su intervenci\u00f3n, Juan Escorza, Director de Generaci\u00f3n de Indicadores de Respuesta del PRAS, explic\u00f3 a los participantes el marco legal y constitucional que permite la gesti\u00f3n de pasivos ambientales, entendiendo a la Reparaci\u00f3n Integral como las acciones, procesos y medidas que, aplicadas integralmente, permiten el restablecimiento de la calidad din\u00e1mica, equilibrio ecol\u00f3gico, ciclos vitales y el proceso evolutivo de los ecosistemas afectados. A\u00f1adi\u00f3 que \u201cla pol\u00edtica de reparaci\u00f3n no solo se preocupa por hacer cumplir los derechos de la naturaleza, tambi\u00e9n restituye los derechos de las personas y comunidades afectadas a trav\u00e9s de la compensaci\u00f3n e indemnizaci\u00f3n\u201d.<\/p>\n<p style=\"text-align: justify;\">Por su parte, Cindy Rueda, Directora de Valoraci\u00f3n de Pasivos Ambientales y Sociales del PRAS recalc\u00f3 que la reparaci\u00f3n integral se sustenta en tres componentes que aseguran la reversi\u00f3n de las afectaciones que las deficiencias operativas de los sistemas econ\u00f3micos han generado en la naturaleza y en la sociedad. Asegur\u00f3 que \u201cla restauraci\u00f3n integral, la garant\u00eda de no repetici\u00f3n y las medidas de satisfacci\u00f3n, dan como resultado la recuperaci\u00f3n de las condiciones de los entornos natural y social\u201d.<\/p>\n<p style=\"text-align: justify;\">Luego de las exposiciones t\u00e9cnicas, se abri\u00f3 un espacio de ejercicios pr\u00e1cticos y estudios de casos ambientales en los que se analiz\u00f3 la normativa, el licenciamiento, el control ambiental, y la gesti\u00f3n e investigaci\u00f3n de pasivos.<\/p>\n<p style=\"text-align: justify;\">El encuentro concluy\u00f3 con el establecimiento de compromisos interinstitucionales enmarcados en desarrollar procesos de capacitaci\u00f3n permanente que permitan una actualizaci\u00f3n continua sobre la gesti\u00f3n ambiental implementada en el pa\u00eds.<\/p>\n","protected":false},"excerpt":{"rendered":"<p class=\"excerpt\">Especialistas del Programa de Reparaci\u00f3n Ambiental y Social (PRAS) del Ministerio del Ambiente (MAE) socializaron la Pol\u00edtica P\u00fablica de Reparaci\u00f3n Integral asociada a pasivos ambientales, con m\u00e1s de treinta funcionarios de las direcciones provinciales de la Defensor\u00eda del Pueblo. En la jornada que se desarroll\u00f3 en Quito, el 18 de julio, los participantes pudieron conocer lo que implica la pol\u00edtica&hellip; <a href=\"https:\/\/www.ambienteyenergia.gob.ec\/ambiente\/funcionarios-de-la-defensoria-fueron-capacitados-en-la-aplicacion-de-la-politica-publica-de-reparacion-integral-de-pasivos-ambientales-que-impulsa-el-mae\/\">Read more &rarr;<\/a><\/p>\n","protected":false},"author":13,"featured_media":21594,"comment_status":"open","ping_status":"open","sticky":false,"template":"","format":"standard","meta":{"footnotes":""},"categories":[16,4],"tags":[],"class_list":["post-21593","post","type-post","status-publish","format-standard","has-post-thumbnail","hentry","category-comunicamos","category-noticias","xfolkentry"],"_links":{"self":[{"href":"https:\/\/www.ambienteyenergia.gob.ec\/ambiente\/wp-json\/wp\/v2\/posts\/21593","targetHints":{"allow":["GET"]}}],"collection":[{"href":"https:\/\/www.ambienteyenergia.gob.ec\/ambiente\/wp-json\/wp\/v2\/posts"}],"about":[{"href":"https:\/\/www.ambienteyenergia.gob.ec\/ambiente\/wp-json\/wp\/v2\/types\/post"}],"author":[{"embeddable":true,"href":"https:\/\/www.ambienteyenergia.gob.ec\/ambiente\/wp-json\/wp\/v2\/users\/13"}],"replies":[{"embeddable":true,"href":"https:\/\/www.ambienteyenergia.gob.ec\/ambiente\/wp-json\/wp\/v2\/comments?post=21593"}],"version-history":[{"count":0,"href":"https:\/\/www.ambienteyenergia.gob.ec\/ambiente\/wp-json\/wp\/v2\/posts\/21593\/revisions"}],"wp:featuredmedia":[{"embeddable":true,"href":"https:\/\/www.ambienteyenergia.gob.ec\/ambiente\/wp-json\/wp\/v2\/media\/21594"}],"wp:attachment":[{"href":"https:\/\/www.ambienteyenergia.gob.ec\/ambiente\/wp-json\/wp\/v2\/media?parent=21593"}],"wp:term":[{"taxonomy":"category","embeddable":true,"href":"https:\/\/www.ambienteyenergia.gob.ec\/ambiente\/wp-json\/wp\/v2\/categories?post=21593"},{"taxonomy":"post_tag","embeddable":true,"href":"https:\/\/www.ambienteyenergia.gob.ec\/ambiente\/wp-json\/wp\/v2\/tags?post=21593"}],"curies":[{"name":"wp","href":"https:\/\/api.w.org\/{rel}","templated":true}]}}