{"id":21589,"date":"2014-07-22T16:22:32","date_gmt":"2014-07-22T21:22:32","guid":{"rendered":"http:\/\/www.ambiente.gob.ec\/?p=21589"},"modified":"2014-07-22T16:22:32","modified_gmt":"2014-07-22T21:22:32","slug":"mae-entrego-certificacion-ecuatoriana-ambiental-punto-verde-a-azucarera-valdez","status":"publish","type":"post","link":"https:\/\/www.ambienteyenergia.gob.ec\/ambiente\/mae-entrego-certificacion-ecuatoriana-ambiental-punto-verde-a-azucarera-valdez\/","title":{"rendered":"MAE entreg\u00f3 Certificaci\u00f3n Ecuatoriana Ambiental Punto Verde a Azucarera Valdez"},"content":{"rendered":"<p style=\"text-align: justify;\">Hoy, el Ministerio del Ambiente (MAE) entreg\u00f3 la Certificaci\u00f3n Ecuatoriana Ambiental \u00abPunto Verde\u00bb como empresa Ecoeficiente a la Compa\u00f1\u00eda Azucarera Valdez S.A, por cumplir con cuatro casos de producci\u00f3n m\u00e1s limpia,\u00a0 obteniendo un puntaje del 93,41%\u00a0 en la visita in situ que se realiz\u00f3 a la planta ubicada en la ciudad de Milagro, provincia de Guayas.<\/p>\n<p>Al evento asistieron Lorena S\u00e1nchez, Viceministra del Ambiente; Isabel Noboa, Presidenta Ejecutiva del Consorcio Nobis; Ricardo Rivadeneira, Presidente Ejecutivo Compa\u00f1\u00eda Azucarera Valdez; Cecilia Herrera, Directora de Medio Ambiente del Gobierno Provincial del Guayas; Roberto Dunn, Gerente General Consorcio Nobis y directores y ejecutivos de la azucarera.<\/p>\n<p>Azucarera Valdez es la segunda empresa de cultivo de ca\u00f1a, producci\u00f3n y comercializaci\u00f3n de az\u00facar y panela con esta certificaci\u00f3n y la cuarta a nivel nacional. El reconocimiento de Ecoeficiencia se bas\u00f3 en cuatro puntos: la reducci\u00f3n del 65,85% en adquisiciones de lubricantes, para el proceso de extracci\u00f3n de az\u00facar, por la\u00a0 incorporaci\u00f3n de la nueva tecnolog\u00eda de extracci\u00f3n y reutilizaci\u00f3n de aceites por di\u00e1lisis; reducci\u00f3n del 100% en el consumo de BUNKER por la sustituci\u00f3n de combustibles f\u00f3siles por biomasa; reducci\u00f3n del 100% en la utilizaci\u00f3n de insecticidas de s\u00edntesis qu\u00edmica por la introducci\u00f3n del Control Biol\u00f3gico de Plagas en programa de manejo integrado de plagas; y por el ahorro de 714 482,27 m3 de agua de riego por a\u00f1o, al recubrir con geomembranas los canales conductores de agua de riego del Proyecto Victoria (1 229,65 ha).<\/p>\n<p>Al respecto, la Viceministra en representaci\u00f3n de la Ministra del Ambiente, Lorena Tapia, asegur\u00f3 que es gratificante para el MAE que m\u00e1s empresas se unan a esta iniciativa que busca impulsar e incentivar una producci\u00f3n que garantice el desarrollo sostenible y el buen vivir.<\/p>\n<p>\u00abComo Autoridad Ambiental buscamos permanentemente que acciones como estas se sigan replicando a lo largo y ancho del pa\u00eds y as\u00ed mostrar que la responsablidad ambiental es una realidad y una convicci\u00f3n no solo de este Ministerio sino tambi\u00e9n de la empresa privada. Azucarera Valdez constituye un ejemplo para el sector productivo e industrial\u00bb, afirm\u00f3 S\u00e1nchez.<\/p>\n<p>El MAE mediante Acuerdo Ministerial N\u00b0 225 establece que si una instituci\u00f3n presenta \u00abcuatro casos de Producci\u00f3n m\u00e1s Limpia simult\u00e1neamente, o estos casos en un per\u00edodo m\u00e1ximo de hasta dos a\u00f1os, se le otorgar\u00e1 la m\u00e1xima certificaci\u00f3n como Empresa Ecoeficiente\u201d.<\/p>\n<p>Ingenio Valdez ha buscado mejorar sus procesos industriales y por ello ha implementado estos cuatro proyectos de producci\u00f3n m\u00e1s limpia que contribuyen a la protecci\u00f3n del ambiente. Como parte de este proceso, el 25 de marzo de 2013, luego de un an\u00e1lisis t\u00e9cnico con el responsable de la Unidad de Producci\u00f3n y Consumo Sustentable del organismo certificador, comunica formalmente al Ministerio del Ambiente el pronunciamiento favorable sobre la certificaci\u00f3n postulada y la entrega oficial del Certificado No. PE012-2014 a Compa\u00f1\u00eda Azucarera Valdez S.A.<\/p>\n<p>En ese sentido, Azucarera Valdez viene desarrollando proyectos que contribuyen a la conservaci\u00f3n de las generaciones futuras. \u00abNo dudo de que van en la ruta correcta, de que ese es el norte y que esta es una forma de incentivar a las empresas a tomar compromisos serios en la gesti\u00f3n y el manejo de la producci\u00f3n\u00bb, asever\u00f3 Rivadeneira.<\/p>\n<p>Para finalizar, la Viceministra hizo una invitaci\u00f3n a que m\u00e1s empresas se sumen a esta iniciativa. \u00abCuenten siempre con el Ministerio del Ambiente para lograr importantes metas que ayuden a consolidar el sentido de responsabillidad social y ambiental.<\/p>\n","protected":false},"excerpt":{"rendered":"<p class=\"excerpt\">Hoy, el Ministerio del Ambiente (MAE) entreg\u00f3 la Certificaci\u00f3n Ecuatoriana Ambiental \u00abPunto Verde\u00bb como empresa Ecoeficiente a la Compa\u00f1\u00eda Azucarera Valdez S.A, por cumplir con cuatro casos de producci\u00f3n m\u00e1s limpia,\u00a0 obteniendo un puntaje del 93,41%\u00a0 en la visita in situ que se realiz\u00f3 a la planta ubicada en la ciudad de Milagro, provincia de Guayas. Al evento asistieron Lorena&hellip; <a href=\"https:\/\/www.ambienteyenergia.gob.ec\/ambiente\/mae-entrego-certificacion-ecuatoriana-ambiental-punto-verde-a-azucarera-valdez\/\">Read more &rarr;<\/a><\/p>\n","protected":false},"author":13,"featured_media":21590,"comment_status":"open","ping_status":"open","sticky":false,"template":"","format":"standard","meta":{"footnotes":""},"categories":[16,4],"tags":[],"class_list":["post-21589","post","type-post","status-publish","format-standard","has-post-thumbnail","hentry","category-comunicamos","category-noticias","xfolkentry"],"_links":{"self":[{"href":"https:\/\/www.ambienteyenergia.gob.ec\/ambiente\/wp-json\/wp\/v2\/posts\/21589","targetHints":{"allow":["GET"]}}],"collection":[{"href":"https:\/\/www.ambienteyenergia.gob.ec\/ambiente\/wp-json\/wp\/v2\/posts"}],"about":[{"href":"https:\/\/www.ambienteyenergia.gob.ec\/ambiente\/wp-json\/wp\/v2\/types\/post"}],"author":[{"embeddable":true,"href":"https:\/\/www.ambienteyenergia.gob.ec\/ambiente\/wp-json\/wp\/v2\/users\/13"}],"replies":[{"embeddable":true,"href":"https:\/\/www.ambienteyenergia.gob.ec\/ambiente\/wp-json\/wp\/v2\/comments?post=21589"}],"version-history":[{"count":0,"href":"https:\/\/www.ambienteyenergia.gob.ec\/ambiente\/wp-json\/wp\/v2\/posts\/21589\/revisions"}],"wp:featuredmedia":[{"embeddable":true,"href":"https:\/\/www.ambienteyenergia.gob.ec\/ambiente\/wp-json\/wp\/v2\/media\/21590"}],"wp:attachment":[{"href":"https:\/\/www.ambienteyenergia.gob.ec\/ambiente\/wp-json\/wp\/v2\/media?parent=21589"}],"wp:term":[{"taxonomy":"category","embeddable":true,"href":"https:\/\/www.ambienteyenergia.gob.ec\/ambiente\/wp-json\/wp\/v2\/categories?post=21589"},{"taxonomy":"post_tag","embeddable":true,"href":"https:\/\/www.ambienteyenergia.gob.ec\/ambiente\/wp-json\/wp\/v2\/tags?post=21589"}],"curies":[{"name":"wp","href":"https:\/\/api.w.org\/{rel}","templated":true}]}}