{"id":21586,"date":"2014-07-22T15:30:36","date_gmt":"2014-07-22T20:30:36","guid":{"rendered":"http:\/\/www.ambiente.gob.ec\/?p=21586"},"modified":"2014-07-22T15:30:36","modified_gmt":"2014-07-22T20:30:36","slug":"mae-realiza-trabajos-de-adoquinamiento-del-parqueadero-del-refugio-de-vida-silvestre-pasochoa","status":"publish","type":"post","link":"https:\/\/www.ambienteyenergia.gob.ec\/ambiente\/mae-realiza-trabajos-de-adoquinamiento-del-parqueadero-del-refugio-de-vida-silvestre-pasochoa\/","title":{"rendered":"MAE realiza trabajos de adoquinamiento del parqueadero del Refugio de Vida Silvestre Pasochoa"},"content":{"rendered":"<p style=\"text-align: justify;\">El Ministerio del Ambiente de Ecuador (MAE) informa a toda la ciudadan\u00eda que a partir del s\u00e1bado 26 de julio, se iniciar\u00e1 la segunda fase de construcci\u00f3n del parqueadero de uso p\u00fablico dentro del Refugio de Vida Silvestre Pasochoa, con el objetivo de brindar facilidades tur\u00edsticas a los visitantes nacionales y extranjeros que acuden continuamente al lugar.<\/p>\n<p style=\"text-align: justify;\">El acceso con veh\u00edculos ser\u00e1 prohibido en el Pasochoa, mientras duren los trabajos de adoquinamiento del parqueadero, con el fin de evitar molestias y contratiempos de los visitantes que no tendr\u00e1n un lugar adecuado para dejar sus veh\u00edculos.<\/p>\n<p style=\"text-align: justify;\">Por tal motivo el MAE comunica a todas las personas que deseen visitar el Refugio, que no lo podr\u00e1n hacer por medio de veh\u00edculos privados, por lo que se sugiere a la ciudadan\u00eda utilizar el servicio de alquiler de camionetas en el sector del Ejido de Amagua\u00f1a, que tienen un costo de USD 5, quienes los trasladar\u00e1n hacia el ingreso del \u00e1rea protegida, que atender\u00e1 a todos sus visitantes ininterrumpidamente en horario de 8:30 a 17:00 de lunes a domingo.<\/p>\n<p style=\"text-align: justify;\"><strong>Refugio de Vida Silvestre Pasochoa<\/strong><\/p>\n<p style=\"text-align: justify;\">Mediante resoluci\u00f3n 065, publicada en el Registro Oficial n\u00famero 92 del 19 de diciembre de 1996, el INEFAN, declara como Refugio de Vida Silvestre Pasochoa (RVSP) al bosque protector y se incorpora al patrimonio Nacional de \u00c1reas Naturales del Estado, con una superficie de 500 ha. que ocupan gran parte de la caldera del Volc\u00e1n Pasochoa ubicado a 4.200 m.s.n.m.<\/p>\n<p style=\"text-align: justify;\">El Refugio de Vida Silvestre Pasochoa es considerado como uno de los \u00faltimos remanentes de bosque andino nativo, localizado en medio de poblados, cultivos y pastizales. En estos bosques se pueden distinguir diferentes formaciones vegetales tales como el Matorral H\u00famedo Montano, Bosque de Neblina Montano, Bosque Siempre Verde Montano Alto y el P\u00e1ramo Herb\u00e1ceo. El Pasochoa se encuentra ubicado a 45 kil\u00f3metros al Sur-Este de la ciudad de Quito, en la Parroquia de Uyumbicho, Cant\u00f3n Mej\u00eda, Provincia de Pichincha.<\/p>\n","protected":false},"excerpt":{"rendered":"<p class=\"excerpt\">El Ministerio del Ambiente de Ecuador (MAE) informa a toda la ciudadan\u00eda que a partir del s\u00e1bado 26 de julio, se iniciar\u00e1 la segunda fase de construcci\u00f3n del parqueadero de uso p\u00fablico dentro del Refugio de Vida Silvestre Pasochoa, con el objetivo de brindar facilidades tur\u00edsticas a los visitantes nacionales y extranjeros que acuden continuamente al lugar. El acceso con&hellip; <a href=\"https:\/\/www.ambienteyenergia.gob.ec\/ambiente\/mae-realiza-trabajos-de-adoquinamiento-del-parqueadero-del-refugio-de-vida-silvestre-pasochoa\/\">Read more &rarr;<\/a><\/p>\n","protected":false},"author":13,"featured_media":21587,"comment_status":"open","ping_status":"open","sticky":false,"template":"","format":"standard","meta":{"footnotes":""},"categories":[16,4],"tags":[48,108,53,524,522,523],"class_list":["post-21586","post","type-post","status-publish","format-standard","has-post-thumbnail","hentry","category-comunicamos","category-noticias","tag-ecuador","tag-lorena-tapia","tag-mae","tag-pasochoa","tag-refugio-de-vida-silvestre-pasochoa","tag-turismo","xfolkentry"],"_links":{"self":[{"href":"https:\/\/www.ambienteyenergia.gob.ec\/ambiente\/wp-json\/wp\/v2\/posts\/21586","targetHints":{"allow":["GET"]}}],"collection":[{"href":"https:\/\/www.ambienteyenergia.gob.ec\/ambiente\/wp-json\/wp\/v2\/posts"}],"about":[{"href":"https:\/\/www.ambienteyenergia.gob.ec\/ambiente\/wp-json\/wp\/v2\/types\/post"}],"author":[{"embeddable":true,"href":"https:\/\/www.ambienteyenergia.gob.ec\/ambiente\/wp-json\/wp\/v2\/users\/13"}],"replies":[{"embeddable":true,"href":"https:\/\/www.ambienteyenergia.gob.ec\/ambiente\/wp-json\/wp\/v2\/comments?post=21586"}],"version-history":[{"count":0,"href":"https:\/\/www.ambienteyenergia.gob.ec\/ambiente\/wp-json\/wp\/v2\/posts\/21586\/revisions"}],"wp:featuredmedia":[{"embeddable":true,"href":"https:\/\/www.ambienteyenergia.gob.ec\/ambiente\/wp-json\/wp\/v2\/media\/21587"}],"wp:attachment":[{"href":"https:\/\/www.ambienteyenergia.gob.ec\/ambiente\/wp-json\/wp\/v2\/media?parent=21586"}],"wp:term":[{"taxonomy":"category","embeddable":true,"href":"https:\/\/www.ambienteyenergia.gob.ec\/ambiente\/wp-json\/wp\/v2\/categories?post=21586"},{"taxonomy":"post_tag","embeddable":true,"href":"https:\/\/www.ambienteyenergia.gob.ec\/ambiente\/wp-json\/wp\/v2\/tags?post=21586"}],"curies":[{"name":"wp","href":"https:\/\/api.w.org\/{rel}","templated":true}]}}