{"id":21579,"date":"2014-07-22T12:21:16","date_gmt":"2014-07-22T17:21:16","guid":{"rendered":"http:\/\/www.ambiente.gob.ec\/?p=21579"},"modified":"2014-07-22T12:44:26","modified_gmt":"2014-07-22T17:44:26","slug":"21579","status":"publish","type":"post","link":"https:\/\/www.ambienteyenergia.gob.ec\/ambiente\/21579\/","title":{"rendered":"MAE realiza denuncia formal sobre muerte de oso de anteojos en Morona Santiago"},"content":{"rendered":"<p style=\"text-align: justify;\">Frente a la denuncia realizada a trav\u00e9s de las redes sociales sobre el presunto delito de cacer\u00eda de un oso de anteojos en Suc\u00faa, provincia de Morona Santiago, el Ministerio del Ambiente (MAE), a trav\u00e9s de la Direcci\u00f3n Provincial, ha iniciado un proceso de investigaci\u00f3n para recabar mayor informaci\u00f3n sobre este hecho y poder tomar acciones de car\u00e1cter penal conforme lo establece la Normativa nacional.<\/p>\n<p style=\"text-align: justify;\">\nEl MAE toma esta medida amparado en el Art. 437, literal F del C\u00f3digo Penal ecuatoriano, que sanciona con cuatro a\u00f1os de prisi\u00f3n a cazadores que maten a animales en peligro de extinci\u00f3n. El mencionado art\u00edculo dice: \u201cEl que cace, capture, recolecte, extraiga o comercialice, especies de flora o fauna que est\u00e9n legalmente protegidas, contraviniendo las disposiciones legales y reglamentarias sobre la materia, ser\u00e1 reprimido con prisi\u00f3n de uno a tres a\u00f1os. La pena ser\u00e1 de prisi\u00f3n de dos a cuatro a\u00f1os cuando: a) El hecho se cometa en per\u00edodo de producci\u00f3n de semilla o de reproducci\u00f3n o crecimiento de las especies; b) El hecho se cometa contra especies en peligro de extinci\u00f3n; o, c) El hecho se cometa mediante el uso de explosivos, sustancias t\u00f3xicas, inflamables o radiactivas\u201d.<\/p>\n<p style=\"text-align: justify;\">Esta Cartera de Estado no escatimar\u00e1 esfuerzos hasta encontrar a los culpables de la muerte de este ejemplar de Oso de Anteojos (oso andino), especie en peligro de extinci\u00f3n, registrada en Ap\u00e9ndice I, de la Convenci\u00f3n sobre el Comercio Internacional de EspeciesAmenazadas de Fauna y Flora Silvestres CITES (por su nombre en ingl\u00e9s).<\/p>\n<p style=\"text-align: justify;\">El proceso investigativo y judicial es responsabilidad de los organismos competentes, con quienes esta Secretar\u00eda coordina acciones. El Ministerio del Ambiente pide mantener la calma a la ciudadan\u00eda ya que divulgar datos de la investigaci\u00f3n, puede entorpecer el proceso judicial. Con absoluta responsabilidad, cuando tengamos mayor informaci\u00f3n del caso, la haremos p\u00fablica, a trav\u00e9s de nuestros medios oficiales.<\/p>\n<p style=\"text-align: justify;\"><strong>Estrategias para el cuidado del oso de anteojos<\/strong><br \/>\nComo parte de las acciones concretas que el MAE ejecuta para proteger y conservar a esta especie emblem\u00e1tica, se ha incentivado y apoyado el dise\u00f1o de una Estrategia Nacional de Conservaci\u00f3n del Oso Andino, misma que tiene un tiempo de aplicaci\u00f3n de 15 a\u00f1os (2010-2025).<\/p>\n<p style=\"text-align: justify;\">Este documento contiene informaci\u00f3n sobre la situaci\u00f3n actual de la especie y su h\u00e1bitat, tambi\u00e9n establece lineamientos, prioridades, objetivos y acciones para garantizar su conservaci\u00f3n.<\/p>\n<p style=\"text-align: justify;\">La principal l\u00ednea de acci\u00f3n de esta Estrategia es la reproducci\u00f3n ex situ en coordinaci\u00f3n con los centros de manejo de fauna. Otro de los objetivos es educar y concienciar a la ciudadan\u00eda para que se involucre de manera activa en los programas de conservaci\u00f3n.<\/p>\n<p style=\"text-align: justify;\"><strong>Judicializaci\u00f3n de los delitos ambientales<\/strong><br \/>\nUno de los precedentes en sanci\u00f3n por delitos ambientales fue el caso del c\u00f3ndor asesinado la provincia del Azuay, en abril del a\u00f1o pasado. El responsable fue declarado culpable y se le impuso una pena privativa de la libertad, luego de que el Ministerio del Ambiente hiciera la acusaci\u00f3n particular.<\/p>\n","protected":false},"excerpt":{"rendered":"<p class=\"excerpt\">Frente a la denuncia realizada a trav\u00e9s de las redes sociales sobre el presunto delito de cacer\u00eda de un oso de anteojos en Suc\u00faa, provincia de Morona Santiago, el Ministerio del Ambiente (MAE), a trav\u00e9s de la Direcci\u00f3n Provincial, ha iniciado un proceso de investigaci\u00f3n para recabar mayor informaci\u00f3n sobre este hecho y poder tomar acciones de car\u00e1cter penal conforme&hellip; <a href=\"https:\/\/www.ambienteyenergia.gob.ec\/ambiente\/21579\/\">Read more &rarr;<\/a><\/p>\n","protected":false},"author":13,"featured_media":20788,"comment_status":"open","ping_status":"open","sticky":false,"template":"","format":"standard","meta":{"footnotes":""},"categories":[16,4],"tags":[],"class_list":["post-21579","post","type-post","status-publish","format-standard","has-post-thumbnail","hentry","category-comunicamos","category-noticias","xfolkentry"],"_links":{"self":[{"href":"https:\/\/www.ambienteyenergia.gob.ec\/ambiente\/wp-json\/wp\/v2\/posts\/21579","targetHints":{"allow":["GET"]}}],"collection":[{"href":"https:\/\/www.ambienteyenergia.gob.ec\/ambiente\/wp-json\/wp\/v2\/posts"}],"about":[{"href":"https:\/\/www.ambienteyenergia.gob.ec\/ambiente\/wp-json\/wp\/v2\/types\/post"}],"author":[{"embeddable":true,"href":"https:\/\/www.ambienteyenergia.gob.ec\/ambiente\/wp-json\/wp\/v2\/users\/13"}],"replies":[{"embeddable":true,"href":"https:\/\/www.ambienteyenergia.gob.ec\/ambiente\/wp-json\/wp\/v2\/comments?post=21579"}],"version-history":[{"count":0,"href":"https:\/\/www.ambienteyenergia.gob.ec\/ambiente\/wp-json\/wp\/v2\/posts\/21579\/revisions"}],"wp:featuredmedia":[{"embeddable":true,"href":"https:\/\/www.ambienteyenergia.gob.ec\/ambiente\/wp-json\/wp\/v2\/media\/20788"}],"wp:attachment":[{"href":"https:\/\/www.ambienteyenergia.gob.ec\/ambiente\/wp-json\/wp\/v2\/media?parent=21579"}],"wp:term":[{"taxonomy":"category","embeddable":true,"href":"https:\/\/www.ambienteyenergia.gob.ec\/ambiente\/wp-json\/wp\/v2\/categories?post=21579"},{"taxonomy":"post_tag","embeddable":true,"href":"https:\/\/www.ambienteyenergia.gob.ec\/ambiente\/wp-json\/wp\/v2\/tags?post=21579"}],"curies":[{"name":"wp","href":"https:\/\/api.w.org\/{rel}","templated":true}]}}