{"id":21572,"date":"2014-07-21T16:50:05","date_gmt":"2014-07-21T21:50:05","guid":{"rendered":"http:\/\/www.ambiente.gob.ec\/?p=21572"},"modified":"2014-07-21T16:50:05","modified_gmt":"2014-07-21T21:50:05","slug":"250-kilos-de-basura-se-recogieron-en-las-gilces","status":"publish","type":"post","link":"https:\/\/www.ambienteyenergia.gob.ec\/ambiente\/250-kilos-de-basura-se-recogieron-en-las-gilces\/","title":{"rendered":"250 kilos de basura se recogieron en Las Gilces"},"content":{"rendered":"<p style=\"text-align: justify;\">El Ministerio del Ambiente (MAE), en coordinaci\u00f3n con docentes y estudiantes de la carrera de Ecoturismo de la \u00a0Universidad San Gregorio de Portoviejo, realiz\u00f3 la ma\u00f1ana del 20 de julio una campa\u00f1a de limpieza en el manglar y playa del sitio Las Gilces de la parroquia Crucita de Portoviejo, provincia de Manab\u00ed.<\/p>\n<p style=\"text-align: justify;\">Al respecto, \u00c1ngelo Traverso, coordinador zonal 4 del Ministerio del Ambiente, inform\u00f3 que a la labor se unieron turistas, voluntarios del Cuerpo de la Paz y propietarios de los restaurantes \u00a0ubicados en el malec\u00f3n, logrando recoger 250 kilos de basura en un tramo de 2,5 kil\u00f3metros.<\/p>\n<p style=\"text-align: justify;\">Asimismo, Traverso se\u00f1al\u00f3 que en la labor el contingente de voluntarios trabaj\u00f3 \u00a0con la finalidad de aportar al cuidado de las playas y crear conciencia en la poblaci\u00f3n acerca del manejo de los desechos generados. Durante la jornada de trabajo se difundi\u00f3 mensajes alusivos para que los turistas no arrojen basura a las playas.<\/p>\n<p style=\"text-align: justify;\">Destac\u00f3, que el\u00a0 MAE ha realizado campa\u00f1as de educaci\u00f3n, concienciaci\u00f3n e informaci\u00f3n sobre la importancia de no arrojar residuos en las playas y de c\u00f3mo el mal manejo de los mismos afecta el ecosistema marino, el problema que m\u00e1s afecta en la contaminaci\u00f3n de las playas es el pl\u00e1stico, ya que se encuentra en grandes cantidades y este material toma entre 500 hasta 1000 a\u00f1os en degradarse<\/p>\n<p style=\"text-align: justify;\">\u00a0Esta Cartera de Estado, como principal Autoridad Ambiental del pa\u00eds, continuar\u00e1 con esta iniciativa, que toma\u00a0mayor fuerza en sitios tur\u00edsticos La contaminaci\u00f3n del ecosistema marino con basura se redujo de manera notable y sostenida, esto se debe a la participaci\u00f3n activa de la comunidad, que refleja una mayor conciencia y compromiso con la protecci\u00f3n de la naturaleza.<\/p>\n<p>&nbsp;<\/p>\n<p>&nbsp;<\/p>\n<p>&nbsp;<\/p>\n<p>&nbsp;<\/p>\n","protected":false},"excerpt":{"rendered":"<p class=\"excerpt\">El Ministerio del Ambiente (MAE), en coordinaci\u00f3n con docentes y estudiantes de la carrera de Ecoturismo de la \u00a0Universidad San Gregorio de Portoviejo, realiz\u00f3 la ma\u00f1ana del 20 de julio una campa\u00f1a de limpieza en el manglar y playa del sitio Las Gilces de la parroquia Crucita de Portoviejo, provincia de Manab\u00ed. Al respecto, \u00c1ngelo Traverso, coordinador zonal 4 del&hellip; <a href=\"https:\/\/www.ambienteyenergia.gob.ec\/ambiente\/250-kilos-de-basura-se-recogieron-en-las-gilces\/\">Read more &rarr;<\/a><\/p>\n","protected":false},"author":13,"featured_media":21573,"comment_status":"open","ping_status":"open","sticky":false,"template":"","format":"standard","meta":{"footnotes":""},"categories":[16,4],"tags":[],"class_list":["post-21572","post","type-post","status-publish","format-standard","has-post-thumbnail","hentry","category-comunicamos","category-noticias","xfolkentry"],"_links":{"self":[{"href":"https:\/\/www.ambienteyenergia.gob.ec\/ambiente\/wp-json\/wp\/v2\/posts\/21572","targetHints":{"allow":["GET"]}}],"collection":[{"href":"https:\/\/www.ambienteyenergia.gob.ec\/ambiente\/wp-json\/wp\/v2\/posts"}],"about":[{"href":"https:\/\/www.ambienteyenergia.gob.ec\/ambiente\/wp-json\/wp\/v2\/types\/post"}],"author":[{"embeddable":true,"href":"https:\/\/www.ambienteyenergia.gob.ec\/ambiente\/wp-json\/wp\/v2\/users\/13"}],"replies":[{"embeddable":true,"href":"https:\/\/www.ambienteyenergia.gob.ec\/ambiente\/wp-json\/wp\/v2\/comments?post=21572"}],"version-history":[{"count":0,"href":"https:\/\/www.ambienteyenergia.gob.ec\/ambiente\/wp-json\/wp\/v2\/posts\/21572\/revisions"}],"wp:featuredmedia":[{"embeddable":true,"href":"https:\/\/www.ambienteyenergia.gob.ec\/ambiente\/wp-json\/wp\/v2\/media\/21573"}],"wp:attachment":[{"href":"https:\/\/www.ambienteyenergia.gob.ec\/ambiente\/wp-json\/wp\/v2\/media?parent=21572"}],"wp:term":[{"taxonomy":"category","embeddable":true,"href":"https:\/\/www.ambienteyenergia.gob.ec\/ambiente\/wp-json\/wp\/v2\/categories?post=21572"},{"taxonomy":"post_tag","embeddable":true,"href":"https:\/\/www.ambienteyenergia.gob.ec\/ambiente\/wp-json\/wp\/v2\/tags?post=21572"}],"curies":[{"name":"wp","href":"https:\/\/api.w.org\/{rel}","templated":true}]}}