{"id":21560,"date":"2014-07-18T16:54:59","date_gmt":"2014-07-18T21:54:59","guid":{"rendered":"http:\/\/www.ambiente.gob.ec\/?p=21560"},"modified":"2014-07-18T16:54:59","modified_gmt":"2014-07-18T21:54:59","slug":"seis-chips-de-registro-se-colocaron-a-ejemplares-de-vida-silvestre-en-imbabura","status":"publish","type":"post","link":"https:\/\/www.ambienteyenergia.gob.ec\/ambiente\/seis-chips-de-registro-se-colocaron-a-ejemplares-de-vida-silvestre-en-imbabura\/","title":{"rendered":"Seis chips de registro se colocaron a ejemplares de vida silvestre en Imbabura"},"content":{"rendered":"<p style=\"text-align: justify;\">Ayer, el Ministerio del Ambiente (MAE), a trav\u00e9s de la Direcci\u00f3n Provincial de Imbabura y en coordinaci\u00f3n con la Unidad de Manejo Guayabillas, coloc\u00f3 chips de registro a seis especies de vida silvestre de la provincia de Imbabura.<\/p>\n<p style=\"text-align: justify;\">Tres guacamayos amarillo azul (<em>Ara ararauna<\/em>), un guacamayo enano (<em>Ara severa<\/em>), dos loras verde (<em>Amazona farinoza<\/em>) y una lora frente roja (<em>Amazona autumnalis<\/em>) fueron intervenidas, debido a que por su condici\u00f3n no pueden regresar a su h\u00e1bitat natural.<\/p>\n<p style=\"text-align: justify;\">El MAE gestion\u00f3 el empleo de estos dispositivos con el objetivo de tener un registro oficial de estos ejemplares y poder protegerlos. Los chips tienen las especificaciones recomendadas por Convenio sobre el Comercio Internacional de Especies Amenazadas de Fauna y Flora Silvestre (CITES).<\/p>\n<p style=\"text-align: justify;\">El veterinario Milton Lara, fue quien ejecut\u00f3 el procedimiento y quien realiza el control m\u00e9dico de los animales y aves que llegan al Centro de Manejo de Vida Silvestre de Guayabillas.<\/p>\n<p style=\"text-align: justify;\">Este procedimiento facilitar\u00e1 las inspecciones peri\u00f3dicas para informaci\u00f3n de L\u00ednea Base.<\/p>\n","protected":false},"excerpt":{"rendered":"<p class=\"excerpt\">Ayer, el Ministerio del Ambiente (MAE), a trav\u00e9s de la Direcci\u00f3n Provincial de Imbabura y en coordinaci\u00f3n con la Unidad de Manejo Guayabillas, coloc\u00f3 chips de registro a seis especies de vida silvestre de la provincia de Imbabura. Tres guacamayos amarillo azul (Ara ararauna), un guacamayo enano (Ara severa), dos loras verde (Amazona farinoza) y una lora frente roja (Amazona&hellip; <a href=\"https:\/\/www.ambienteyenergia.gob.ec\/ambiente\/seis-chips-de-registro-se-colocaron-a-ejemplares-de-vida-silvestre-en-imbabura\/\">Read more &rarr;<\/a><\/p>\n","protected":false},"author":13,"featured_media":21561,"comment_status":"open","ping_status":"open","sticky":false,"template":"","format":"standard","meta":{"footnotes":""},"categories":[16,4],"tags":[],"class_list":["post-21560","post","type-post","status-publish","format-standard","has-post-thumbnail","hentry","category-comunicamos","category-noticias","xfolkentry"],"_links":{"self":[{"href":"https:\/\/www.ambienteyenergia.gob.ec\/ambiente\/wp-json\/wp\/v2\/posts\/21560","targetHints":{"allow":["GET"]}}],"collection":[{"href":"https:\/\/www.ambienteyenergia.gob.ec\/ambiente\/wp-json\/wp\/v2\/posts"}],"about":[{"href":"https:\/\/www.ambienteyenergia.gob.ec\/ambiente\/wp-json\/wp\/v2\/types\/post"}],"author":[{"embeddable":true,"href":"https:\/\/www.ambienteyenergia.gob.ec\/ambiente\/wp-json\/wp\/v2\/users\/13"}],"replies":[{"embeddable":true,"href":"https:\/\/www.ambienteyenergia.gob.ec\/ambiente\/wp-json\/wp\/v2\/comments?post=21560"}],"version-history":[{"count":0,"href":"https:\/\/www.ambienteyenergia.gob.ec\/ambiente\/wp-json\/wp\/v2\/posts\/21560\/revisions"}],"wp:featuredmedia":[{"embeddable":true,"href":"https:\/\/www.ambienteyenergia.gob.ec\/ambiente\/wp-json\/wp\/v2\/media\/21561"}],"wp:attachment":[{"href":"https:\/\/www.ambienteyenergia.gob.ec\/ambiente\/wp-json\/wp\/v2\/media?parent=21560"}],"wp:term":[{"taxonomy":"category","embeddable":true,"href":"https:\/\/www.ambienteyenergia.gob.ec\/ambiente\/wp-json\/wp\/v2\/categories?post=21560"},{"taxonomy":"post_tag","embeddable":true,"href":"https:\/\/www.ambienteyenergia.gob.ec\/ambiente\/wp-json\/wp\/v2\/tags?post=21560"}],"curies":[{"name":"wp","href":"https:\/\/api.w.org\/{rel}","templated":true}]}}