{"id":21557,"date":"2014-07-18T14:30:21","date_gmt":"2014-07-18T19:30:21","guid":{"rendered":"http:\/\/www.ambiente.gob.ec\/?p=21557"},"modified":"2014-07-18T14:30:21","modified_gmt":"2014-07-18T19:30:21","slug":"mae-socializa-plan-de-prevencion-y-control-de-incendios-forestales-en-imbabura","status":"publish","type":"post","link":"https:\/\/www.ambienteyenergia.gob.ec\/ambiente\/mae-socializa-plan-de-prevencion-y-control-de-incendios-forestales-en-imbabura\/","title":{"rendered":"MAE socializa Plan de prevenci\u00f3n y control de incendios forestales en Imbabura"},"content":{"rendered":"<p style=\"text-align: justify;\">En esta \u00e9poca del a\u00f1o, los incendios forestales se presentaran con mayor frecuencia e intensidad, y para fortalecer la preparaci\u00f3n local ante dichas contingencias ambientales, la Direcci\u00f3n Provincial del Ambiente de Imbabura (DPAI), a trav\u00e9s de la Reserva Ecol\u00f3gica Cotacachi Cayapas (RECC) activar\u00e1 brigadas comunitarias que estar\u00e1n en las \u00e1reas prioritarias para la conservaci\u00f3n.<\/p>\n<p style=\"text-align: justify;\">Por ello, el 17 de julio se realiz\u00f3 una reuni\u00f3n en coordinaci\u00f3n con la Unidad de Gesti\u00f3n Ambiental del Municipio de San Miguel de Urcuqu\u00ed, con presencia de las diferentes autoridades provinciales y comunidades, con el fin de dar a conocer el Plan de prevenci\u00f3n y control de incendio forestales.<\/p>\n<p style=\"text-align: justify;\">Con el fin de cumplir con lo establecido en el Plan, se elabor\u00f3 un cronograma de trabajo para visitar las comunidades, adem\u00e1s de la conformaci\u00f3n de brigadas, las mismas que ser\u00e1n capacitadas y apoyadas en coordinaci\u00f3n con el Cuerpo de Bomberos, para incrementar la capacidad de respuesta ante los incendios forestales.<br \/>\nObjetivos del Plan de prevenci\u00f3n y control de incendios forestales:<\/p>\n<p style=\"text-align: justify;\">\uf0a7 Capacitar y acreditar a pobladores de las diferentes comunidades en materia de incendios forestales y manejo de riesgos naturales.<\/p>\n<p style=\"text-align: justify;\">\uf0a7 Capacitar a brigadas comunitarias para la seguridad de los combatientes.<\/p>\n<p style=\"text-align: justify;\">\uf0a7 Reducir los impactos negativos de los incendios forestales a fin de preservar los ecosistemas y su biodiversidad mediante labores de prevenci\u00f3n, control, com-bate y restauraci\u00f3n de las \u00e1reas protegidas m\u00e1s vulnerables a estos eventos.<\/p>\n<p style=\"text-align: justify;\">\uf0a7 Responder con prontitud y seguridad a los incendios no deseados y provo-cados por el empleo del fuego como una pr\u00e1ctica com\u00fan en actividades agr\u00edcolas.<\/p>\n","protected":false},"excerpt":{"rendered":"<p class=\"excerpt\">En esta \u00e9poca del a\u00f1o, los incendios forestales se presentaran con mayor frecuencia e intensidad, y para fortalecer la preparaci\u00f3n local ante dichas contingencias ambientales, la Direcci\u00f3n Provincial del Ambiente de Imbabura (DPAI), a trav\u00e9s de la Reserva Ecol\u00f3gica Cotacachi Cayapas (RECC) activar\u00e1 brigadas comunitarias que estar\u00e1n en las \u00e1reas prioritarias para la conservaci\u00f3n. Por ello, el 17 de julio&hellip; <a href=\"https:\/\/www.ambienteyenergia.gob.ec\/ambiente\/mae-socializa-plan-de-prevencion-y-control-de-incendios-forestales-en-imbabura\/\">Read more &rarr;<\/a><\/p>\n","protected":false},"author":13,"featured_media":21558,"comment_status":"open","ping_status":"open","sticky":false,"template":"","format":"standard","meta":{"footnotes":""},"categories":[16,4],"tags":[],"class_list":["post-21557","post","type-post","status-publish","format-standard","has-post-thumbnail","hentry","category-comunicamos","category-noticias","xfolkentry"],"_links":{"self":[{"href":"https:\/\/www.ambienteyenergia.gob.ec\/ambiente\/wp-json\/wp\/v2\/posts\/21557","targetHints":{"allow":["GET"]}}],"collection":[{"href":"https:\/\/www.ambienteyenergia.gob.ec\/ambiente\/wp-json\/wp\/v2\/posts"}],"about":[{"href":"https:\/\/www.ambienteyenergia.gob.ec\/ambiente\/wp-json\/wp\/v2\/types\/post"}],"author":[{"embeddable":true,"href":"https:\/\/www.ambienteyenergia.gob.ec\/ambiente\/wp-json\/wp\/v2\/users\/13"}],"replies":[{"embeddable":true,"href":"https:\/\/www.ambienteyenergia.gob.ec\/ambiente\/wp-json\/wp\/v2\/comments?post=21557"}],"version-history":[{"count":0,"href":"https:\/\/www.ambienteyenergia.gob.ec\/ambiente\/wp-json\/wp\/v2\/posts\/21557\/revisions"}],"wp:featuredmedia":[{"embeddable":true,"href":"https:\/\/www.ambienteyenergia.gob.ec\/ambiente\/wp-json\/wp\/v2\/media\/21558"}],"wp:attachment":[{"href":"https:\/\/www.ambienteyenergia.gob.ec\/ambiente\/wp-json\/wp\/v2\/media?parent=21557"}],"wp:term":[{"taxonomy":"category","embeddable":true,"href":"https:\/\/www.ambienteyenergia.gob.ec\/ambiente\/wp-json\/wp\/v2\/categories?post=21557"},{"taxonomy":"post_tag","embeddable":true,"href":"https:\/\/www.ambienteyenergia.gob.ec\/ambiente\/wp-json\/wp\/v2\/tags?post=21557"}],"curies":[{"name":"wp","href":"https:\/\/api.w.org\/{rel}","templated":true}]}}