{"id":21549,"date":"2014-07-18T10:17:20","date_gmt":"2014-07-18T15:17:20","guid":{"rendered":"http:\/\/www.ambiente.gob.ec\/?p=21549"},"modified":"2014-07-18T10:28:31","modified_gmt":"2014-07-18T15:28:31","slug":"la-gestion-integral-de-las-areas-protegidas-es-una-prioridad-para-el-ministerio-del-ambiente","status":"publish","type":"post","link":"https:\/\/www.ambienteyenergia.gob.ec\/ambiente\/la-gestion-integral-de-las-areas-protegidas-es-una-prioridad-para-el-ministerio-del-ambiente\/","title":{"rendered":"La gesti\u00f3n integral de las \u00e1reas protegidas es una prioridad para el Ministerio del Ambiente"},"content":{"rendered":"<p style=\"text-align: justify;\">Ecuador es la tercera naci\u00f3n de sudam\u00e9rica que m\u00e1s recursos invierte en la conservaci\u00f3n de su patrimonio natural. Actualmente, el pa\u00eds cuenta con 50 \u00e1reas protegidas, las cuales representan alrededor del 19,93% del territorio nacional. Est\u00e1n distribuidas en la parte continental e insular y albergan una importante riqueza biol\u00f3gica.<\/p>\n<p style=\"text-align: justify;\">El Ministerio del Ambiente, como principal rector ambiental, empe\u00f1a sus esfuerzos en la aplicaci\u00f3n de pol\u00edticas que permitan a todos los ciudadanos contar con m\u00e1s espacios verdes, en los que se pueda disfrutar de la naturaleza. Por esta raz\u00f3n, en el a\u00f1o 2012 se anunci\u00f3 la gratuidad en todas las \u00e1reas protegidas del pa\u00eds (a excepci\u00f3n de Gal\u00e1pagos).<\/p>\n<p style=\"text-align: justify;\">Si bien, esta decisi\u00f3n del Gobierno increment\u00f3 el turismo y facilit\u00f3 el acceso de los ecuatorianos a estos espacios, tambi\u00e9n implica un mayor compromiso y responsabilidad por parte de la Autoridad Ambiental para su cuidado. Por ello, se cre\u00f3 el 18 de julio, el D\u00eda del Sistema Nacional de \u00c1reas Protegidas del Ecuador, con el prop\u00f3sito de concienciar a la ciudadan\u00eda sobre la importancia de conservar y proteger los recursos y ecosistemas que habitan en estas superficies naturales.<\/p>\n<p style=\"text-align: justify;\"><strong>Acciones de conservaci\u00f3n<\/strong><\/p>\n<p style=\"text-align: justify;\">El Ministerio del Ambiente, como instancia competente para establecer la pol\u00edtica ambiental nacional y los procesos para la administraci\u00f3n, manejo, regulaci\u00f3n y control de las \u00e1reas naturales del Estado; trabaja incansablemente en estrategias, planes y proyectos de desarrollo sostenible, protecci\u00f3n y conservaci\u00f3n.<\/p>\n<p style=\"text-align: justify;\">\u00abLas acciones y esfuerzos del MAE en este tema se enfocan principalmente en cuatro ejes: el desarrollo de un marco normativo que facilite los mecanismos de sostenibilidad financiera para las \u00e1reas protegidas, el fortalecimiento de capacidades institucionales y locales, la revalorizaci\u00f3n del aporte de las \u00c1reas Protegidas a la econom\u00eda del Estado y la implementaci\u00f3n de casos de negocios exitosos en las \u00e1reas protegidas\u00bb, recalca la Ministra del Ambiente, Lorena Tapia.<\/p>\n<p style=\"text-align: justify;\"><strong>Infraestructura y equipos <\/strong><\/p>\n<p style=\"text-align: justify;\">Pero el fortalecimiento de las \u00e1reas protegidas implica la implementaci\u00f3n de una serie de actividades a diferentes niveles. Uno ellos lo constituye el operativo, necesario para ejecutar los programas enunciados en los diferentes instrumentos de planificaci\u00f3n y gesti\u00f3n. Estos recursos ayudan y agilizan las labores de monitoreo y vigilancia del personal del MAE que trabaja activamente para precautelar las condiciones de la flora y fauna silvestre en las \u00e1reas protegidas a nivel nacional.<\/p>\n<p style=\"text-align: justify;\">Asimismo, esta Cartera Estado invierte considerables recursos en el mejoramiento de la infraestructura con el fin de optimizar la gesti\u00f3n tur\u00edstica e incentivar actividades econ\u00f3micas sostenibles locales. En el 2013, el MAE\u00a0intervino en la remodelaci\u00f3n y construcci\u00f3n de los espacios de uso p\u00fablico en 10 \u00e1reas protegidas, con una inversi\u00f3n de m\u00e1s de USD 4 millones, para optimizar el modelo de gesti\u00f3n tur\u00edstico, incentivar y crear actividades econ\u00f3micas que se desarrollen de la mano del componente social.<\/p>\n<p style=\"text-align: justify;\"><strong>\u00a0<\/strong><strong>Aula Verde<\/strong><\/p>\n<p style=\"text-align: justify;\">Otro de los aspectos en los que se trabaja es la capacitaci\u00f3n permanente de los funcionarios que laboran en las diferentes \u00e1reas protegidas del pa\u00eds, para lo cual se cre\u00f3 el Programa Aula Verde, que constituye una respuesta nacional para mejorar el manejo de las \u00e1reas protegidas y la vida silvestre, a trav\u00e9s de la formaci\u00f3n profesional. Durante a\u00f1os anteriores, se contaba con iniciativas dispersas de preparaci\u00f3n para funcionarios del MAE, sin embargo, Aula Verde es el primero que cubre \u00e1mbitos te\u00f3ricos y pr\u00e1cticos, con la finalidad de que tengan una formaci\u00f3n t\u00e9cnica adecuada.<\/p>\n<p style=\"text-align: justify;\"><strong>Mecanismo de Fondos Concursales<\/strong><\/p>\n<p style=\"text-align: justify;\">Con el prop\u00f3sito de impulsar actividades productivas propuestas por las comunidades que son parte o est\u00e1n en las zonas de influencia de las \u00e1reas protegidas, surge el Mecanismo de Fondos Concursales. Este modelo busca aportar a la construcci\u00f3n de modelos de gesti\u00f3n enfocados en la conservaci\u00f3n o restauraci\u00f3n de los recursos naturales y la biodiversidad. As\u00ed tambi\u00e9n, a partir de este tipo de iniciativas se pretende mejorar la calidad de vida de la poblaci\u00f3n local de las \u00e1reas protegidas.<\/p>\n<p style=\"text-align: justify;\"><strong>Categor\u00edas de protecci\u00f3n<\/strong><\/p>\n<p style=\"text-align: justify;\">Actualmente, el MAE cuenta con ocho categor\u00edas de protecci\u00f3n que son parques nacionales, reservas biol\u00f3gicas, una reserva geobot\u00e1nica, reservas de producci\u00f3n de fauna, refugios de vida silvestres, reservas marinas, \u00e1reas nacionales de recreaci\u00f3n y un \u00e1rea de conservaci\u00f3n municipal; donde se realiza investigaci\u00f3n, monitoreo y turismo dependiendo de su categor\u00eda. Estos par\u00e1metros facultan al Ministerio su administraci\u00f3n y protecci\u00f3n.<\/p>\n<p style=\"text-align: justify;\"><strong>Turismo sostenible<\/strong><\/p>\n<p style=\"text-align: justify;\">Las \u00e1reas protegidas en definitiva contribuyen a la conservaci\u00f3n del patrimonio natural del pa\u00eds y ayudan a reducir las presiones antr\u00f3picas sobre estos ambientes.<\/p>\n<p style=\"text-align: justify;\">El reto es continuar trabajando en base a modelos econ\u00f3micos y financieros, de gesti\u00f3n y control que sustenten los objetivos de conservaci\u00f3n, generen oportunidades para el empleo y emprendimientos con base local. El MAE junto con las comunidades asentadas en las \u00e1reas protegidas, sector privado y otras instituciones p\u00fablicas ejecutan proyectos amigables con ambiente, promoviendo un turismo sostenible, acorde a la pol\u00edtica del Gobierno Nacional.<\/p>\n<p style=\"text-align: justify;\"><strong>Sistema de informaci\u00f3n de Biodiversidad SIB<\/strong><\/p>\n<p style=\"text-align: justify;\">El MAE con la finalidad de mantener informados a los turistas nacionales y extranjeros sobre las \u00c1reas Protegidas del pa\u00eds, present\u00f3 el Sistema de Informaci\u00f3n de Biodiversidad (SIB), una plataforma donde los turistas pueden registrarse y acceder a informaci\u00f3n de log\u00edstica, clima y distancia de las reservas naturales.<\/p>\n<p style=\"text-align: justify;\">Para registrarte puedes ingresar al siguiente link: http:\/\/sib.ambiente.gob.ec\/index.php\/area_protegida\/area_registro<\/p>\n","protected":false},"excerpt":{"rendered":"<p class=\"excerpt\">Ecuador es la tercera naci\u00f3n de sudam\u00e9rica que m\u00e1s recursos invierte en la conservaci\u00f3n de su patrimonio natural. Actualmente, el pa\u00eds cuenta con 50 \u00e1reas protegidas, las cuales representan alrededor del 19,93% del territorio nacional. Est\u00e1n distribuidas en la parte continental e insular y albergan una importante riqueza biol\u00f3gica. El Ministerio del Ambiente, como principal rector ambiental, empe\u00f1a sus esfuerzos&hellip; <a href=\"https:\/\/www.ambienteyenergia.gob.ec\/ambiente\/la-gestion-integral-de-las-areas-protegidas-es-una-prioridad-para-el-ministerio-del-ambiente\/\">Read more &rarr;<\/a><\/p>\n","protected":false},"author":13,"featured_media":21550,"comment_status":"open","ping_status":"open","sticky":false,"template":"","format":"standard","meta":{"footnotes":""},"categories":[16,4],"tags":[],"class_list":["post-21549","post","type-post","status-publish","format-standard","has-post-thumbnail","hentry","category-comunicamos","category-noticias","xfolkentry"],"_links":{"self":[{"href":"https:\/\/www.ambienteyenergia.gob.ec\/ambiente\/wp-json\/wp\/v2\/posts\/21549","targetHints":{"allow":["GET"]}}],"collection":[{"href":"https:\/\/www.ambienteyenergia.gob.ec\/ambiente\/wp-json\/wp\/v2\/posts"}],"about":[{"href":"https:\/\/www.ambienteyenergia.gob.ec\/ambiente\/wp-json\/wp\/v2\/types\/post"}],"author":[{"embeddable":true,"href":"https:\/\/www.ambienteyenergia.gob.ec\/ambiente\/wp-json\/wp\/v2\/users\/13"}],"replies":[{"embeddable":true,"href":"https:\/\/www.ambienteyenergia.gob.ec\/ambiente\/wp-json\/wp\/v2\/comments?post=21549"}],"version-history":[{"count":0,"href":"https:\/\/www.ambienteyenergia.gob.ec\/ambiente\/wp-json\/wp\/v2\/posts\/21549\/revisions"}],"wp:featuredmedia":[{"embeddable":true,"href":"https:\/\/www.ambienteyenergia.gob.ec\/ambiente\/wp-json\/wp\/v2\/media\/21550"}],"wp:attachment":[{"href":"https:\/\/www.ambienteyenergia.gob.ec\/ambiente\/wp-json\/wp\/v2\/media?parent=21549"}],"wp:term":[{"taxonomy":"category","embeddable":true,"href":"https:\/\/www.ambienteyenergia.gob.ec\/ambiente\/wp-json\/wp\/v2\/categories?post=21549"},{"taxonomy":"post_tag","embeddable":true,"href":"https:\/\/www.ambienteyenergia.gob.ec\/ambiente\/wp-json\/wp\/v2\/tags?post=21549"}],"curies":[{"name":"wp","href":"https:\/\/api.w.org\/{rel}","templated":true}]}}