{"id":21538,"date":"2014-07-17T16:41:07","date_gmt":"2014-07-17T21:41:07","guid":{"rendered":"http:\/\/www.ambiente.gob.ec\/?p=21538"},"modified":"2014-07-17T16:43:04","modified_gmt":"2014-07-17T21:43:04","slug":"lideres-y-lideresas-de-parroquias-participan-en-gira-de-intercambio-de-experiencias-en-seguridad-alimentaria-y-cambio-climatico","status":"publish","type":"post","link":"https:\/\/www.ambienteyenergia.gob.ec\/ambiente\/lideres-y-lideresas-de-parroquias-participan-en-gira-de-intercambio-de-experiencias-en-seguridad-alimentaria-y-cambio-climatico\/","title":{"rendered":"L\u00edderes y lideresas de parroquias participan en gira de intercambio de experiencias en seguridad alimentaria y cambio clim\u00e1tico"},"content":{"rendered":"<p style=\"margin-bottom: 0cm;\" align=\"JUSTIFY\"><span style=\"color: #000000;\">El mejorar la capacidad de las comunidades para resistir y recuperarse de los efectos adversos del cambio clim\u00e1tico sobre la seguridad alimentaria, incluyendo consideraciones de g\u00e9nero, es la finalidad del proyecto FORECCSA. El proyecto cuenta con financiamiento del Fondo de Adaptaci\u00f3n y su implementaci\u00f3n es liderada por el Ministerio del Ambiente de Ecuador (MAE) en alianza con el Programa Mundial de Alimentos, Ministerio de Agricultura, Ganader\u00eda, Acuacultura y Pesca (MAGAP), junto con el Consorcio de la Cuenca del R\u00edo Jubones que es el socio ejecutor para 39 parroquias del sur del pa\u00eds.<\/span><\/p>\n<p style=\"margin-bottom: 0cm;\" align=\"JUSTIFY\">\n<p style=\"margin-bottom: 0cm;\" align=\"JUSTIFY\"><span style=\"color: #000000;\">En el marco del inicio de la implementaci\u00f3n de medidas de adaptaci\u00f3n para las parroquias San Gerardo y Chumbl\u00edn (cuenca del Jubones, provincia del Azuay) y con el prop\u00f3sito de sensibilizar y motivar a las familias de las comunidades donde trabaja el proyecto, 35 l\u00edderes y lideresas comunitarios, as\u00ed como representantes de los Gobiernos Aut\u00f3nomos Descentralizados (GAD), participaron en d\u00edas anteriores de una gira de observaci\u00f3n e intercambio de experiencias a zonas donde se han implementado medidas similares a las propuestas para sus parroquias.<\/span><\/p>\n<p style=\"margin-bottom: 0cm;\" align=\"JUSTIFY\">\n<p style=\"margin-bottom: 0cm;\" align=\"JUSTIFY\"><span style=\"color: #000000;\">Los sitios visitados fueron la finca org\u00e1nica Chaupi Molino, ubicada en el sector de Tumbaco (Quito), y Pilacumbi, en la provincia de Cotopaxi, donde los participantes pudieron conocer sobre la efectividad del manejo de la materia org\u00e1nica, pr\u00e1cticas agroecol\u00f3gicas y el rescate de semillas locales como estrategia de adaptaci\u00f3n frente a los efectos adversos de la sequ\u00eda que es la principal amenaza que enfrentan sus parroquias.<\/span><\/p>\n<p style=\"margin-bottom: 0cm;\" align=\"JUSTIFY\">\n<p style=\"margin-bottom: 0cm;\" align=\"JUSTIFY\"><span style=\"color: #000000;\">La experiencia de los productores y el conocimiento de los participantes permiti\u00f3 entablar un di\u00e1logo de saberes, con el objetivo de profundizar conocimientos en cuanto a las potencialidades de los recursos que disponen en sus predios y que com\u00fanmente son subutilizados. Tambi\u00e9n los asistentes pudieron conocer sobre el manejo de la materia org\u00e1nica, que es un medio efectivo para que el suelo incremente su capacidad de almacenamiento de agua durante la \u00e9poca de sequ\u00eda.<\/span><\/p>\n<p style=\"margin-bottom: 0cm;\" align=\"JUSTIFY\">\n<p style=\"margin-bottom: 0cm;\" align=\"JUSTIFY\"><span style=\"color: #000000;\">Adem\u00e1s, durante las visitas se socializ\u00f3 sobre las pr\u00e1cticas agroecol\u00f3gicas, as\u00ed como las semillas locales con atributos de resistencia a la sequ\u00eda, con ello internalizaron el concepto de resiliencia desde una forma pr\u00e1ctica.<\/span><\/p>\n<p style=\"margin-bottom: 0cm;\" align=\"JUSTIFY\">\n<p style=\"margin-bottom: 0cm;\" align=\"JUSTIFY\"><span style=\"color: #000000;\">Finalizada la gira, los participantes manifestaron que con esta visita pudieron constatar la efectividad de las medidas que se implementar\u00e1n en sus predios que resultan ser pr\u00e1cticas beneficiosas que motiva a los pobladores de las zonas vulnerables, a participar en la implementaci\u00f3n de las medidas que beneficiar\u00e1 a 400 familias de estos sectores ubicados en la cuenca del Jubones. <\/span><\/p>\n<p style=\"margin-bottom: 0cm;\" align=\"JUSTIFY\">\n<p style=\"margin-bottom: 0cm;\" align=\"JUSTIFY\"><span style=\"color: #000000;\">Esta actividad permiti\u00f3 generar un plan de trabajo con acciones concretas para que los participantes repliquen los contenidos de la gira con sus bases y se contin\u00fae con la implementaci\u00f3n de acciones a nivel comunitario y familiar.<\/span><\/p>\n","protected":false},"excerpt":{"rendered":"<p class=\"excerpt\">El mejorar la capacidad de las comunidades para resistir y recuperarse de los efectos adversos del cambio clim\u00e1tico sobre la seguridad alimentaria, incluyendo consideraciones de g\u00e9nero, es la finalidad del proyecto FORECCSA. El proyecto cuenta con financiamiento del Fondo de Adaptaci\u00f3n y su implementaci\u00f3n es liderada por el Ministerio del Ambiente de Ecuador (MAE) en alianza con el Programa Mundial&hellip; <a href=\"https:\/\/www.ambienteyenergia.gob.ec\/ambiente\/lideres-y-lideresas-de-parroquias-participan-en-gira-de-intercambio-de-experiencias-en-seguridad-alimentaria-y-cambio-climatico\/\">Read more &rarr;<\/a><\/p>\n","protected":false},"author":13,"featured_media":21539,"comment_status":"open","ping_status":"open","sticky":false,"template":"","format":"standard","meta":{"footnotes":""},"categories":[16,4],"tags":[],"class_list":["post-21538","post","type-post","status-publish","format-standard","has-post-thumbnail","hentry","category-comunicamos","category-noticias","xfolkentry"],"_links":{"self":[{"href":"https:\/\/www.ambienteyenergia.gob.ec\/ambiente\/wp-json\/wp\/v2\/posts\/21538","targetHints":{"allow":["GET"]}}],"collection":[{"href":"https:\/\/www.ambienteyenergia.gob.ec\/ambiente\/wp-json\/wp\/v2\/posts"}],"about":[{"href":"https:\/\/www.ambienteyenergia.gob.ec\/ambiente\/wp-json\/wp\/v2\/types\/post"}],"author":[{"embeddable":true,"href":"https:\/\/www.ambienteyenergia.gob.ec\/ambiente\/wp-json\/wp\/v2\/users\/13"}],"replies":[{"embeddable":true,"href":"https:\/\/www.ambienteyenergia.gob.ec\/ambiente\/wp-json\/wp\/v2\/comments?post=21538"}],"version-history":[{"count":0,"href":"https:\/\/www.ambienteyenergia.gob.ec\/ambiente\/wp-json\/wp\/v2\/posts\/21538\/revisions"}],"wp:featuredmedia":[{"embeddable":true,"href":"https:\/\/www.ambienteyenergia.gob.ec\/ambiente\/wp-json\/wp\/v2\/media\/21539"}],"wp:attachment":[{"href":"https:\/\/www.ambienteyenergia.gob.ec\/ambiente\/wp-json\/wp\/v2\/media?parent=21538"}],"wp:term":[{"taxonomy":"category","embeddable":true,"href":"https:\/\/www.ambienteyenergia.gob.ec\/ambiente\/wp-json\/wp\/v2\/categories?post=21538"},{"taxonomy":"post_tag","embeddable":true,"href":"https:\/\/www.ambienteyenergia.gob.ec\/ambiente\/wp-json\/wp\/v2\/tags?post=21538"}],"curies":[{"name":"wp","href":"https:\/\/api.w.org\/{rel}","templated":true}]}}