{"id":21534,"date":"2014-07-17T16:30:15","date_gmt":"2014-07-17T21:30:15","guid":{"rendered":"http:\/\/www.ambiente.gob.ec\/?p=21534"},"modified":"2014-07-17T21:44:40","modified_gmt":"2014-07-18T02:44:40","slug":"continua-cuarta-fase-de-plan-de-salvataje-del-galapaface-i","status":"publish","type":"post","link":"https:\/\/www.ambienteyenergia.gob.ec\/ambiente\/continua-cuarta-fase-de-plan-de-salvataje-del-galapaface-i\/","title":{"rendered":"Contin\u00faa cuarta fase de plan de salvataje del Galapaface I"},"content":{"rendered":"<p style=\"text-align: justify;\"><em>\u00c9sta incluye el monitoreo ecol\u00f3gico de la zona de encallamiento y la evaluaci\u00f3n de los posibles impactos ambientales.<\/em><\/p>\n<p style=\"text-align: justify;\">En un operativo, que dur\u00f3 desde la madrugada del\u00a0martes hasta las 17:30 de ayer, se consigui\u00f3 superar la tercera fase del plan de salvataje del buque de carga Galapaface I, encallado en Puerto Baquerizo Moreno. La actividad comprendi\u00f3 el reflotamiento, remolque y hundimiento de la nave.<\/p>\n<p style=\"text-align: justify;\">De acuerdo a la informaci\u00f3n brindada por los t\u00e9cnicos a cargo de la maniobra, \u00e9sta se llev\u00f3 a cabo seg\u00fan lo planificado. A las 02:30 del\u00a0martes, empez\u00f3 el proceso de remolque del Galapaface I, hacia los exteriores de la Reserva Marina de Gal\u00e1pagos. Navegando aproximadamente a una velocidad de 1,8 nudos, la embarcaci\u00f3n lleg\u00f3 al punto de hundimiento a las 14:30 del\u00a0mi\u00e9rcoles, acompa\u00f1ada por los remolcadores Antillen e Isla Santay, la guardacostas Isla Fernandina de la Armada Nacional y las lanchas oce\u00e1nicas Guadalupe River y Sierra Negra de la Direcci\u00f3n del Parque Nacional Gal\u00e1pagos.<\/p>\n<p style=\"text-align: justify;\">Luego de proceder a retirar al personal a bordo del buque y las \u00faltimas herramientas utilizadas como las bombas de succi\u00f3n, se destaparon las v\u00e1lvulas de las boyas adheridas al barco y empez\u00f3 a ingresar el agua, hasta que finalmente el barco cedi\u00f3 y se hundi\u00f3 completamente en un proceso que dur\u00f3 alrededor de tres horas.<\/p>\n<p style=\"text-align: justify;\">\u201cTodo el operativo desarrollado en Gal\u00e1pagos, es una muestra del compromiso del Estado ecuatoriano por cuidar y proteger los ecosistemas de las islas y as\u00ed favorecer el buen vivir de los habitantes\u201d, recalc\u00f3 la Ministra de Ambiente, Lorena Tapia.<\/p>\n<p style=\"text-align: justify;\">Por otro lado, en la zona primera de influencia del encallamiento, las actividades de monitoreo ecol\u00f3gico se mantienen, as\u00ed como la evaluaci\u00f3n de los posibles impactos ambientales ocasionados por este accidente. Para ello, se han colocado marcas en el fondo marino del \u00e1rea en la que permaneci\u00f3 esta nave durante m\u00e1s de dos meses.<\/p>\n<p style=\"text-align: justify;\">Asimismo, se est\u00e1n sustanciando las acciones legales, tanto judiciales como administrativas a tomar por el Ministerio de Ambiente, a trav\u00e9s de la DPNG, para determinar responsabilidades y hacer prevalecer los derechos de la naturaleza, consagrados en la Constituci\u00f3n.<\/p>\n<p style=\"text-align: justify;\">Para Arturo Izurieta, Director del Parque Nacional Gal\u00e1pagos, el \u00e9xito de esta operaci\u00f3n se debe al trabajo constante y profesional de quienes estuvieron al frente de las maniobras, la coordinaci\u00f3n y el apoyo interinstitucional. \u201cGracias al esfuerzo de nuestros guardaparques y en general de quienes hacemos el Ministerio del Ambiente en la provincia, y a la contribuci\u00f3n de las diferentes instituciones involucradas, se pudo salvaguardar los ecosistemas de Gal\u00e1pagos. Esta experiencia evidencia la alta capacidad operativa y t\u00e9cnica con la que cuenta nuestra instituci\u00f3n y nos fortalece para seguir administrando con responsabilidad las \u00e1reas protegidas de Gal\u00e1pagos, del Parque Nacional y la Reserva Marina\u201d, afirm\u00f3.<\/p>\n<p style=\"text-align: justify;\">El buque de carga Galapaface I, cumpl\u00eda con un itinerario de abastecimiento en las islas cuando la madrugada del 9 de mayo encall\u00f3 en Punta Carola, Puerto Baquerizo Moreno, isla San Crist\u00f3bal, y que hoy est\u00e1 fuera de la RMG. Las instituciones de Gal\u00e1pagos, organizadas en el Comit\u00e9 de Operaciones de Emergencia (COE), ejecutaron las primeras acciones que evitaron mayores impactos sobre el ecosistema de las islas.<\/p>\n<p style=\"text-align: justify;\">Durante la emergencia, las instalaciones de la Subsecretar\u00eda de Puertos y Transporte Maritimo y Fluvial, por su ubicaci\u00f3n estrat\u00e9gica en la bah\u00eda, fueron el centro de operaciones del equipo de salvataje, desde donde se coordinaban las diferentes acciones. \u00abPara nosotros es importante contribuir a que la emergencia sea superada, por considerar a Gal\u00e1pagos como zona especialmente sensible\u00bb, inform\u00f3 Fabi\u00e1n Bola\u00f1os, coordinador de la Subsecretar\u00eda de Puertos y Transporte Mar\u00edtimo y Fluvial, como representante de la autoridad mar\u00edtima y portuaria en la provincia. De la misma manera, la Armada Nacional, el Consejo de Gobierno, Agencia de Bioseguridad de Gal\u00e1pagos, Gobierno Aut\u00f3nomo Descentralizado de San Crist\u00f3bal, ElecGal\u00e1pagos, entre otras instituciones, sumaron esfuerzos para que la protecci\u00f3n de las islas haya prevalecido.<\/p>\n<p style=\"text-align: justify;\"><a href=\"http:\/\/www.ambienteyenergia.gob.ec\/ambiente\/wp-content\/uploads\/2014\/07\/galapaface2.jpg\"><img loading=\"lazy\" decoding=\"async\" class=\"aligncenter size-full wp-image-21536\" src=\"http:\/\/www.ambienteyenergia.gob.ec\/ambiente\/wp-content\/uploads\/2014\/07\/galapaface2.jpg\" alt=\"Galapaface\" width=\"670\" height=\"447\" srcset=\"https:\/\/www.ambienteyenergia.gob.ec\/ambiente\/wp-content\/uploads\/sites\/2\/2014\/07\/galapaface2.jpg 670w, https:\/\/www.ambienteyenergia.gob.ec\/ambiente\/wp-content\/uploads\/sites\/2\/2014\/07\/galapaface2-300x200.jpg 300w, https:\/\/www.ambienteyenergia.gob.ec\/ambiente\/wp-content\/uploads\/sites\/2\/2014\/07\/galapaface2-449x300.jpg 449w\" sizes=\"auto, (max-width: 670px) 100vw, 670px\" \/><\/a><\/p>\n","protected":false},"excerpt":{"rendered":"<p class=\"excerpt\">\u00c9sta incluye el monitoreo ecol\u00f3gico de la zona de encallamiento y la evaluaci\u00f3n de los posibles impactos ambientales. En un operativo, que dur\u00f3 desde la madrugada del\u00a0martes hasta las 17:30 de ayer, se consigui\u00f3 superar la tercera fase del plan de salvataje del buque de carga Galapaface I, encallado en Puerto Baquerizo Moreno. La actividad comprendi\u00f3 el reflotamiento, remolque y&hellip; <a href=\"https:\/\/www.ambienteyenergia.gob.ec\/ambiente\/continua-cuarta-fase-de-plan-de-salvataje-del-galapaface-i\/\">Read more &rarr;<\/a><\/p>\n","protected":false},"author":13,"featured_media":21535,"comment_status":"open","ping_status":"open","sticky":false,"template":"","format":"standard","meta":{"footnotes":""},"categories":[16,4],"tags":[],"class_list":["post-21534","post","type-post","status-publish","format-standard","has-post-thumbnail","hentry","category-comunicamos","category-noticias","xfolkentry"],"_links":{"self":[{"href":"https:\/\/www.ambienteyenergia.gob.ec\/ambiente\/wp-json\/wp\/v2\/posts\/21534","targetHints":{"allow":["GET"]}}],"collection":[{"href":"https:\/\/www.ambienteyenergia.gob.ec\/ambiente\/wp-json\/wp\/v2\/posts"}],"about":[{"href":"https:\/\/www.ambienteyenergia.gob.ec\/ambiente\/wp-json\/wp\/v2\/types\/post"}],"author":[{"embeddable":true,"href":"https:\/\/www.ambienteyenergia.gob.ec\/ambiente\/wp-json\/wp\/v2\/users\/13"}],"replies":[{"embeddable":true,"href":"https:\/\/www.ambienteyenergia.gob.ec\/ambiente\/wp-json\/wp\/v2\/comments?post=21534"}],"version-history":[{"count":0,"href":"https:\/\/www.ambienteyenergia.gob.ec\/ambiente\/wp-json\/wp\/v2\/posts\/21534\/revisions"}],"wp:featuredmedia":[{"embeddable":true,"href":"https:\/\/www.ambienteyenergia.gob.ec\/ambiente\/wp-json\/wp\/v2\/media\/21535"}],"wp:attachment":[{"href":"https:\/\/www.ambienteyenergia.gob.ec\/ambiente\/wp-json\/wp\/v2\/media?parent=21534"}],"wp:term":[{"taxonomy":"category","embeddable":true,"href":"https:\/\/www.ambienteyenergia.gob.ec\/ambiente\/wp-json\/wp\/v2\/categories?post=21534"},{"taxonomy":"post_tag","embeddable":true,"href":"https:\/\/www.ambienteyenergia.gob.ec\/ambiente\/wp-json\/wp\/v2\/tags?post=21534"}],"curies":[{"name":"wp","href":"https:\/\/api.w.org\/{rel}","templated":true}]}}