{"id":21525,"date":"2014-07-17T14:06:00","date_gmt":"2014-07-17T19:06:00","guid":{"rendered":"http:\/\/www.ambiente.gob.ec\/?p=21525"},"modified":"2014-07-17T14:36:08","modified_gmt":"2014-07-17T19:36:08","slug":"puente-que-une-a-guayaquil-con-santay-esta-en-mantenimiento","status":"publish","type":"post","link":"https:\/\/www.ambienteyenergia.gob.ec\/ambiente\/puente-que-une-a-guayaquil-con-santay-esta-en-mantenimiento\/","title":{"rendered":"Puente que une a Guayaquil con Santay est\u00e1 en mantenimiento"},"content":{"rendered":"<p style=\"text-align: justify;\">El Ministerio del Ambiente informa a la ciudadan\u00eda que hoy (17 de julio de 2014) de 13:00 a 17:00 no se permitir\u00e1 el ingreso al puente que une a Guayaquil con Isla Santay, debido a los trabajos de mantenimiento que ejecuta el Servicio de Contrataci\u00f3n de Obras (SECOB) en las toldas que cubren las \u00e1reas de descanso. Esta acci\u00f3n es parte del proceso de manejo y mantenimiento del puente. Los d\u00edas\u00a0viernes\u00a018 y lunes\u00a021 de julio los trabajos continuar\u00e1n, motivo por el cual se restringir\u00e1 el acceso durante todo el d\u00eda.<\/p>\n<p style=\"text-align: justify;\">Con el prop\u00f3sito de que el turismo no se vea afectado el fin de semana, el puente SI estar\u00e1 abierto al p\u00fablico. El MAE recuerda a la poblaci\u00f3n que los horarios de atenci\u00f3n en el Puente que une Guayaquil con Santay son de 06:00 a 21:00, mientras que el acceso a la Isla es de 06:00 a 17:00, de\u00a0lunes\u00a0a\u00a0domingo.<\/p>\n<p style=\"text-align: justify;\">Si bien la visita al puente estar\u00e1 restringida en las fechas antes se\u00f1aladas, el acceso a la isla ser\u00e1 normal. Los turistas pueden ingresar a Santay desde el muelle Sim\u00f3n Bol\u00edvar del Yacht Club Naval.<\/p>\n<p style=\"text-align: justify;\">\n","protected":false},"excerpt":{"rendered":"<p class=\"excerpt\">El Ministerio del Ambiente informa a la ciudadan\u00eda que hoy (17 de julio de 2014) de 13:00 a 17:00 no se permitir\u00e1 el ingreso al puente que une a Guayaquil con Isla Santay, debido a los trabajos de mantenimiento que ejecuta el Servicio de Contrataci\u00f3n de Obras (SECOB) en las toldas que cubren las \u00e1reas de descanso. Esta acci\u00f3n es&hellip; <a href=\"https:\/\/www.ambienteyenergia.gob.ec\/ambiente\/puente-que-une-a-guayaquil-con-santay-esta-en-mantenimiento\/\">Read more &rarr;<\/a><\/p>\n","protected":false},"author":13,"featured_media":20789,"comment_status":"open","ping_status":"open","sticky":false,"template":"","format":"standard","meta":{"footnotes":""},"categories":[16,4],"tags":[],"class_list":["post-21525","post","type-post","status-publish","format-standard","has-post-thumbnail","hentry","category-comunicamos","category-noticias","xfolkentry"],"_links":{"self":[{"href":"https:\/\/www.ambienteyenergia.gob.ec\/ambiente\/wp-json\/wp\/v2\/posts\/21525","targetHints":{"allow":["GET"]}}],"collection":[{"href":"https:\/\/www.ambienteyenergia.gob.ec\/ambiente\/wp-json\/wp\/v2\/posts"}],"about":[{"href":"https:\/\/www.ambienteyenergia.gob.ec\/ambiente\/wp-json\/wp\/v2\/types\/post"}],"author":[{"embeddable":true,"href":"https:\/\/www.ambienteyenergia.gob.ec\/ambiente\/wp-json\/wp\/v2\/users\/13"}],"replies":[{"embeddable":true,"href":"https:\/\/www.ambienteyenergia.gob.ec\/ambiente\/wp-json\/wp\/v2\/comments?post=21525"}],"version-history":[{"count":0,"href":"https:\/\/www.ambienteyenergia.gob.ec\/ambiente\/wp-json\/wp\/v2\/posts\/21525\/revisions"}],"wp:featuredmedia":[{"embeddable":true,"href":"https:\/\/www.ambienteyenergia.gob.ec\/ambiente\/wp-json\/wp\/v2\/media\/20789"}],"wp:attachment":[{"href":"https:\/\/www.ambienteyenergia.gob.ec\/ambiente\/wp-json\/wp\/v2\/media?parent=21525"}],"wp:term":[{"taxonomy":"category","embeddable":true,"href":"https:\/\/www.ambienteyenergia.gob.ec\/ambiente\/wp-json\/wp\/v2\/categories?post=21525"},{"taxonomy":"post_tag","embeddable":true,"href":"https:\/\/www.ambienteyenergia.gob.ec\/ambiente\/wp-json\/wp\/v2\/tags?post=21525"}],"curies":[{"name":"wp","href":"https:\/\/api.w.org\/{rel}","templated":true}]}}