{"id":21521,"date":"2014-07-17T09:56:23","date_gmt":"2014-07-17T14:56:23","guid":{"rendered":"http:\/\/www.ambiente.gob.ec\/?p=21521"},"modified":"2014-07-17T09:56:23","modified_gmt":"2014-07-17T14:56:23","slug":"ministerio-del-ambiente-y-ministerio-de-turismo-organizan-el-iii-simposio-de-biodiversidad-marina-y-costera-del-ecuador","status":"publish","type":"post","link":"https:\/\/www.ambienteyenergia.gob.ec\/ambiente\/ministerio-del-ambiente-y-ministerio-de-turismo-organizan-el-iii-simposio-de-biodiversidad-marina-y-costera-del-ecuador\/","title":{"rendered":"Ministerio del Ambiente y Ministerio de Turismo organizan el  III Simposio de Biodiversidad Marina y Costera del Ecuador"},"content":{"rendered":"<p style=\"text-align: justify;\">El Ministerio del Ambiente, el Grupo de Trabajo sobre Biodiversidad Marina y Costera del Ecuador y Ministerio de Turismo organizan el III Simposio de Biodiversidad Marina y Costera a realizarse del 22 al24 de julio en la Facultad de Ciencias Naturales de la Universidad Estatal de Guayaquil. El evento tiene como objetivo \u00a0socializar \u00a0la problem\u00e1tica y plantear alternativas para la conservaci\u00f3n y manejo de la biodiversidad marina y costera del pa\u00eds.<\/p>\n<p style=\"text-align: justify;\">\u00a0Especialistas del sector p\u00fablico y privado se unir\u00e1n a este foro t\u00e9cnico para analizar cambios orientados a la investigaci\u00f3n, protecci\u00f3n, rehabilitaci\u00f3n y uso sustentable, de la biodiversidad \u00a0estuarina y marina dentro del marco de la implementaci\u00f3n del Plan Nacional del Buen Vivir.<\/p>\n<p>Entre las instituciones expositoras se encuentran el Instituto Nacional de Pesca (INP), Gobierno Provincial del Guayas, Ministerio de Agricultura, Ganader\u00eda y Pesca (MAGAP), Ministerio de Turismo (MINTUR); Conservaci\u00f3n Internacional Ecuador, Museo de Ballenas, Mantas Ecuador, Instituto Oceanogr\u00e1fico de la Armada (INOCAR), Instituto de Investigaci\u00f3n Nazca, Federaci\u00f3n de Cooperativas Pesqueras del Ecuador (FENACOPEC); Fundaci\u00f3n Cerro Verde, Universidad San Francisco de Quito y la Universidad Estatal Pen\u00ednsula de Santa Elena (UPSE).<\/p>\n<p>Durante los tres d\u00edas se realizar\u00e1n exposiciones informativas y orientadoras al \u00a0an\u00e1lisis sobre los \u00a0vac\u00edos de conocimiento, avances logrados y la investigaci\u00f3n de la \u00a0situaci\u00f3n \u00a0actual y futura de la biodiversidad marina y costera del Ecuador. Asimismo, se analizar\u00e1 las pol\u00edticas, legislaci\u00f3n y esfuerzos encaminados a la conservaci\u00f3n.<\/p>\n<p style=\"text-align: justify;\">\nAl finalizar la jornada se entregar\u00e1 CDs con el contenido de las exposiciones y certificados de asistencia para los participantes inscritos.<\/p>\n<p style=\"text-align: justify;\">\n<p style=\"text-align: justify;\">\n","protected":false},"excerpt":{"rendered":"<p class=\"excerpt\">El Ministerio del Ambiente, el Grupo de Trabajo sobre Biodiversidad Marina y Costera del Ecuador y Ministerio de Turismo organizan el III Simposio de Biodiversidad Marina y Costera a realizarse del 22 al24 de julio en la Facultad de Ciencias Naturales de la Universidad Estatal de Guayaquil. El evento tiene como objetivo \u00a0socializar \u00a0la problem\u00e1tica y plantear alternativas para la&hellip; <a href=\"https:\/\/www.ambienteyenergia.gob.ec\/ambiente\/ministerio-del-ambiente-y-ministerio-de-turismo-organizan-el-iii-simposio-de-biodiversidad-marina-y-costera-del-ecuador\/\">Read more &rarr;<\/a><\/p>\n","protected":false},"author":13,"featured_media":21522,"comment_status":"open","ping_status":"open","sticky":false,"template":"","format":"standard","meta":{"footnotes":""},"categories":[16,4],"tags":[],"class_list":["post-21521","post","type-post","status-publish","format-standard","has-post-thumbnail","hentry","category-comunicamos","category-noticias","xfolkentry"],"_links":{"self":[{"href":"https:\/\/www.ambienteyenergia.gob.ec\/ambiente\/wp-json\/wp\/v2\/posts\/21521","targetHints":{"allow":["GET"]}}],"collection":[{"href":"https:\/\/www.ambienteyenergia.gob.ec\/ambiente\/wp-json\/wp\/v2\/posts"}],"about":[{"href":"https:\/\/www.ambienteyenergia.gob.ec\/ambiente\/wp-json\/wp\/v2\/types\/post"}],"author":[{"embeddable":true,"href":"https:\/\/www.ambienteyenergia.gob.ec\/ambiente\/wp-json\/wp\/v2\/users\/13"}],"replies":[{"embeddable":true,"href":"https:\/\/www.ambienteyenergia.gob.ec\/ambiente\/wp-json\/wp\/v2\/comments?post=21521"}],"version-history":[{"count":0,"href":"https:\/\/www.ambienteyenergia.gob.ec\/ambiente\/wp-json\/wp\/v2\/posts\/21521\/revisions"}],"wp:featuredmedia":[{"embeddable":true,"href":"https:\/\/www.ambienteyenergia.gob.ec\/ambiente\/wp-json\/wp\/v2\/media\/21522"}],"wp:attachment":[{"href":"https:\/\/www.ambienteyenergia.gob.ec\/ambiente\/wp-json\/wp\/v2\/media?parent=21521"}],"wp:term":[{"taxonomy":"category","embeddable":true,"href":"https:\/\/www.ambienteyenergia.gob.ec\/ambiente\/wp-json\/wp\/v2\/categories?post=21521"},{"taxonomy":"post_tag","embeddable":true,"href":"https:\/\/www.ambienteyenergia.gob.ec\/ambiente\/wp-json\/wp\/v2\/tags?post=21521"}],"curies":[{"name":"wp","href":"https:\/\/api.w.org\/{rel}","templated":true}]}}