{"id":21518,"date":"2014-07-16T22:01:08","date_gmt":"2014-07-17T03:01:08","guid":{"rendered":"http:\/\/www.ambiente.gob.ec\/?p=21518"},"modified":"2014-07-17T11:50:18","modified_gmt":"2014-07-17T16:50:18","slug":"galapaface-salio-de-la-reserva-marina-de-galapagos","status":"publish","type":"post","link":"https:\/\/www.ambienteyenergia.gob.ec\/ambiente\/galapaface-salio-de-la-reserva-marina-de-galapagos\/","title":{"rendered":"Galapaface I sali\u00f3 de la Reserva Marina de Gal\u00e1pagos"},"content":{"rendered":"<p style=\"text-align: justify;\"><span style=\"color: #000000;\">La nave fue hundida en las coordenadas establecidas de acuerdo al procedimiento.<\/span><br style=\"color: #000000;\" \/><br style=\"color: #000000;\" \/><span id=\"OBJ_PREFIX_DWT149_com_zimbra_date\" class=\"Object\" style=\"color: #00008b;\">Hoy<\/span><span style=\"color: #000000;\">\u00a0a las 17:25 (hora local) \u00a0el buque de carga Galapaface I, que permaneci\u00f3 encallado en la bah\u00eda de Puerto Baquerizo Moreno desde inicio de mayo de este a\u00f1o, fue hundido en las coordenadas geogr\u00e1ficas establecidas por el equipo t\u00e9cnico responsable de la operaci\u00f3n de reflote, remolque y disposici\u00f3n final de la nave, fuera de la Reserva Marina de Gal\u00e1pagos.<\/span><br style=\"color: #000000;\" \/><br style=\"color: #000000;\" \/><span style=\"color: #000000;\">Con esto se completa la tercera fase establecida dentro el plan de salvataje implementado ante la emergencia ambiental dictada por el Ministerio del Ambiente, considerando que la nave encallada representaba un riesgo de contaminaci\u00f3n dentro del \u00e1rea marina protegida.<\/span><\/p>\n<p style=\"text-align: justify;\"><span style=\"color: #000000;\">\u00abLa cuarta fase contempla la evaluaci\u00f3n de los da\u00f1os ambientales ocasionados por este accidente, tanto en la parte marina como terrestre, de la zona primaria de encallamiento, con lo que finalizar\u00e1 el plan\u00bb, recalca la Ministra de Ambiente, Lorena Tapia.<\/span><span style=\"color: #000000;\">\u00a0<\/span><br style=\"color: #000000;\" \/><br style=\"color: #000000;\" \/><span style=\"color: #000000;\">Una vez que el equipo t\u00e9cnico que particip\u00f3 de la maniobra retorne a Puerto, conoceremos y compartiremos detalles del operativo implementado por el Estado ecuatoriano, como una muestra del compromiso hacia la protecci\u00f3n y conservaci\u00f3n de los ecosistemas del archipi\u00e9lago.<\/span><\/p>\n","protected":false},"excerpt":{"rendered":"<p class=\"excerpt\">La nave fue hundida en las coordenadas establecidas de acuerdo al procedimiento.Hoy\u00a0a las 17:25 (hora local) \u00a0el buque de carga Galapaface I, que permaneci\u00f3 encallado en la bah\u00eda de Puerto Baquerizo Moreno desde inicio de mayo de este a\u00f1o, fue hundido en las coordenadas geogr\u00e1ficas establecidas por el equipo t\u00e9cnico responsable de la operaci\u00f3n de reflote, remolque y disposici\u00f3n final&hellip; <a href=\"https:\/\/www.ambienteyenergia.gob.ec\/ambiente\/galapaface-salio-de-la-reserva-marina-de-galapagos\/\">Read more &rarr;<\/a><\/p>\n","protected":false},"author":13,"featured_media":21519,"comment_status":"open","ping_status":"open","sticky":false,"template":"","format":"standard","meta":{"footnotes":""},"categories":[16,4],"tags":[492,387,473],"class_list":["post-21518","post","type-post","status-publish","format-standard","has-post-thumbnail","hentry","category-comunicamos","category-noticias","tag-galapaface","tag-mae-lorena-tapia","tag-ministerio-del-ambiente-galapagos","xfolkentry"],"_links":{"self":[{"href":"https:\/\/www.ambienteyenergia.gob.ec\/ambiente\/wp-json\/wp\/v2\/posts\/21518","targetHints":{"allow":["GET"]}}],"collection":[{"href":"https:\/\/www.ambienteyenergia.gob.ec\/ambiente\/wp-json\/wp\/v2\/posts"}],"about":[{"href":"https:\/\/www.ambienteyenergia.gob.ec\/ambiente\/wp-json\/wp\/v2\/types\/post"}],"author":[{"embeddable":true,"href":"https:\/\/www.ambienteyenergia.gob.ec\/ambiente\/wp-json\/wp\/v2\/users\/13"}],"replies":[{"embeddable":true,"href":"https:\/\/www.ambienteyenergia.gob.ec\/ambiente\/wp-json\/wp\/v2\/comments?post=21518"}],"version-history":[{"count":0,"href":"https:\/\/www.ambienteyenergia.gob.ec\/ambiente\/wp-json\/wp\/v2\/posts\/21518\/revisions"}],"wp:featuredmedia":[{"embeddable":true,"href":"https:\/\/www.ambienteyenergia.gob.ec\/ambiente\/wp-json\/wp\/v2\/media\/21519"}],"wp:attachment":[{"href":"https:\/\/www.ambienteyenergia.gob.ec\/ambiente\/wp-json\/wp\/v2\/media?parent=21518"}],"wp:term":[{"taxonomy":"category","embeddable":true,"href":"https:\/\/www.ambienteyenergia.gob.ec\/ambiente\/wp-json\/wp\/v2\/categories?post=21518"},{"taxonomy":"post_tag","embeddable":true,"href":"https:\/\/www.ambienteyenergia.gob.ec\/ambiente\/wp-json\/wp\/v2\/tags?post=21518"}],"curies":[{"name":"wp","href":"https:\/\/api.w.org\/{rel}","templated":true}]}}