{"id":21511,"date":"2014-07-16T13:56:33","date_gmt":"2014-07-16T18:56:33","guid":{"rendered":"http:\/\/www.ambiente.gob.ec\/?p=21511"},"modified":"2014-07-16T13:57:50","modified_gmt":"2014-07-16T18:57:50","slug":"plan-de-prevencion-y-control-de-incendios-forestales-se-socializo-en-imbabura","status":"publish","type":"post","link":"https:\/\/www.ambienteyenergia.gob.ec\/ambiente\/plan-de-prevencion-y-control-de-incendios-forestales-se-socializo-en-imbabura\/","title":{"rendered":"Plan de prevenci\u00f3n y control de incendios forestales se socializ\u00f3 en Imbabura"},"content":{"rendered":"<p style=\"text-align: justify;\">Hoy, en una rueda de prensa realizada en las instalaciones de la Gobernaci\u00f3n de Imbabura, el Ministerio del Ambiente (MAE) en coordinaci\u00f3n con la Gobernaci\u00f3n, Cuerpo de Bomberos, Secretar\u00eda Nacional de gesti\u00f3n de Riesgos y el ECU 911, dio inicio al Plan de control de incendios forestales periodo 2014.<\/p>\n<p style=\"text-align: justify;\">Diego Garc\u00eda, Gobernador de Imbabura; Segundo Fuentes, Coordinador Zonal 1 del MAE; Ver\u00f3nica Chicaiza, Subdirectora Zonal del ECU 9-11; Marco Hadathy, jefe del Cuerpo de Bomberos de Imbabura y Diego Torres, representante de la Secretar\u00eda Nacional de Gesti\u00f3n de Riesgos; presidieron el acto oficial, en el que se socializ\u00f3 el Plan de Contingencia de Control de Incendios, con el fin de implementar medidas que permitan prevenir, mitigar y controlar los incendios que se agudizan en \u00e9poca de verano en todo el pa\u00eds, causando perjuicios a nivel social, econ\u00f3mico y ambiental.<\/p>\n<p style=\"text-align: justify;\">Las instituciones involucradas en esta iniciativa, impulsada por el MAE, asumieron varios compromisos de apoyo y coordinaci\u00f3n de acciones en cada uno de los territorios, facilitar recursos econ\u00f3micos y de talento humano e informaci\u00f3n por parte de las Carteras de Estado presentes, as\u00ed como tambi\u00e9n la difusi\u00f3n de la campa\u00f1a de incendios forestales que lidera la autoridad ambiental.<\/p>\n<p style=\"text-align: justify;\">Entre los ejes m\u00e1s importantes en los que se va enfocar la Autoridad Ambiental est\u00e1n una campa\u00f1a de comunicaci\u00f3n y difusi\u00f3n, socializaci\u00f3n Plan de Contingencia. con la poblaci\u00f3n, establecer las labores operativas de prevenci\u00f3n, conformaci\u00f3n de brigadas contra incendios forestales, coordinaci\u00f3n de acciones entre las instituciones involucradas, monitoreo de \u00e1reas cr\u00edticas y levantamiento de informaci\u00f3n despu\u00e9s de suscitado un incendio forestal.<\/p>\n","protected":false},"excerpt":{"rendered":"<p class=\"excerpt\">Hoy, en una rueda de prensa realizada en las instalaciones de la Gobernaci\u00f3n de Imbabura, el Ministerio del Ambiente (MAE) en coordinaci\u00f3n con la Gobernaci\u00f3n, Cuerpo de Bomberos, Secretar\u00eda Nacional de gesti\u00f3n de Riesgos y el ECU 911, dio inicio al Plan de control de incendios forestales periodo 2014. Diego Garc\u00eda, Gobernador de Imbabura; Segundo Fuentes, Coordinador Zonal 1 del&hellip; <a href=\"https:\/\/www.ambienteyenergia.gob.ec\/ambiente\/plan-de-prevencion-y-control-de-incendios-forestales-se-socializo-en-imbabura\/\">Read more &rarr;<\/a><\/p>\n","protected":false},"author":13,"featured_media":21512,"comment_status":"open","ping_status":"open","sticky":false,"template":"","format":"standard","meta":{"footnotes":""},"categories":[16,4],"tags":[],"class_list":["post-21511","post","type-post","status-publish","format-standard","has-post-thumbnail","hentry","category-comunicamos","category-noticias","xfolkentry"],"_links":{"self":[{"href":"https:\/\/www.ambienteyenergia.gob.ec\/ambiente\/wp-json\/wp\/v2\/posts\/21511","targetHints":{"allow":["GET"]}}],"collection":[{"href":"https:\/\/www.ambienteyenergia.gob.ec\/ambiente\/wp-json\/wp\/v2\/posts"}],"about":[{"href":"https:\/\/www.ambienteyenergia.gob.ec\/ambiente\/wp-json\/wp\/v2\/types\/post"}],"author":[{"embeddable":true,"href":"https:\/\/www.ambienteyenergia.gob.ec\/ambiente\/wp-json\/wp\/v2\/users\/13"}],"replies":[{"embeddable":true,"href":"https:\/\/www.ambienteyenergia.gob.ec\/ambiente\/wp-json\/wp\/v2\/comments?post=21511"}],"version-history":[{"count":0,"href":"https:\/\/www.ambienteyenergia.gob.ec\/ambiente\/wp-json\/wp\/v2\/posts\/21511\/revisions"}],"wp:featuredmedia":[{"embeddable":true,"href":"https:\/\/www.ambienteyenergia.gob.ec\/ambiente\/wp-json\/wp\/v2\/media\/21512"}],"wp:attachment":[{"href":"https:\/\/www.ambienteyenergia.gob.ec\/ambiente\/wp-json\/wp\/v2\/media?parent=21511"}],"wp:term":[{"taxonomy":"category","embeddable":true,"href":"https:\/\/www.ambienteyenergia.gob.ec\/ambiente\/wp-json\/wp\/v2\/categories?post=21511"},{"taxonomy":"post_tag","embeddable":true,"href":"https:\/\/www.ambienteyenergia.gob.ec\/ambiente\/wp-json\/wp\/v2\/tags?post=21511"}],"curies":[{"name":"wp","href":"https:\/\/api.w.org\/{rel}","templated":true}]}}