{"id":21498,"date":"2014-07-15T09:43:00","date_gmt":"2014-07-15T14:43:00","guid":{"rendered":"http:\/\/www.ambiente.gob.ec\/?p=21498"},"modified":"2014-07-16T09:04:17","modified_gmt":"2014-07-16T14:04:17","slug":"sin-contratiempo-buque-galapaface-i-fue-retirado-de-punta-carola","status":"publish","type":"post","link":"https:\/\/www.ambienteyenergia.gob.ec\/ambiente\/sin-contratiempo-buque-galapaface-i-fue-retirado-de-punta-carola\/","title":{"rendered":"Sin contratiempo, buque Galapaface I fue retirado de Punta Carola"},"content":{"rendered":"<p style=\"text-align: justify;\">En un operativo nunca antes registrado en el archipi\u00e9lago, se logr\u00f3 el desvaramiento del buque de carga Galapaface I, que yac\u00eda asentado sobre el fondo marino, cerca de Punta Carola, en Puerto Baquerizo Moreno, isla San Crist\u00f3bal.<\/p>\n<p style=\"text-align: justify;\">La operaci\u00f3n comenz\u00f3 a la media noche de ayer, cuando las bombas de succi\u00f3n retiraban el agua de las bodegas inferiores del Galapaface I, y de las boyas adheridas al casco, las cuales se llenaron de aire para favorecer el reflote. Mientras tanto, el remolcador Antillen tension\u00f3 sus l\u00edneas para retener el barco mientras este sal\u00eda de su atasco.<\/p>\n<p style=\"text-align: justify;\">Aproximadamente a las 02:00 de hoy, y una vez confirmada la ruta de salida del \u00e1rea rocosa con el estudio batim\u00e9trico realizado con anterioridad, el barco empez\u00f3 a ser halado por el remolcador Antillen, hacia el este del archipi\u00e9lago. Las maniobras se realizaron durante la madrugada, considerando que a esas horas las condiciones del oleaje (mare alta) favorec\u00edan el reflote.<\/p>\n<p style=\"text-align: justify;\">Los especialistas estiman que durante las pr\u00f3ximas 25 horas, el buque Galapaface I, remolcado por el Antillen y asistido por otras embarcaciones y las lanchas oce\u00e1nicas Guadalupe River y Sierra Negra, de la Direcci\u00f3n del Parque Nacional Gal\u00e1pagos, lleguen al punto de hundimiento, establecido a 20 millas fuera de la Reserva Marina de Gal\u00e1pagos (RMG), a 2 500 metros de profundidad.<\/p>\n<p style=\"text-align: justify;\">Las acciones implementadas por el Ministerio del Ambiente, a trav\u00e9s de la Direcci\u00f3n del Parque Nacional, han permitido el retiro de este buque de carga encallado, salvaguardando la seguridad de los fr\u00e1giles ecosistemas del archipi\u00e9lago.<\/p>\n<p style=\"text-align: justify;\">Paralelamente al retiro de la nave de la RMG, \u00a0la autoridad ambiental ha iniciado un monitoreo ecol\u00f3gico submarino del \u00e1rea en donde permaneci\u00f3 asentado el Galapaface I, as\u00ed como la limpieza de la zona primaria de encallamiento.<\/p>\n<p style=\"text-align: justify;\">Una vez que se tomen las pruebas para los an\u00e1lisis correspondientes y se finalice con el monitoreo, se reabrir\u00e1 el sitio de visita Punta Carola.<\/p>\n<p>&nbsp;<\/p>\n","protected":false},"excerpt":{"rendered":"<p class=\"excerpt\">En un operativo nunca antes registrado en el archipi\u00e9lago, se logr\u00f3 el desvaramiento del buque de carga Galapaface I, que yac\u00eda asentado sobre el fondo marino, cerca de Punta Carola, en Puerto Baquerizo Moreno, isla San Crist\u00f3bal. La operaci\u00f3n comenz\u00f3 a la media noche de ayer, cuando las bombas de succi\u00f3n retiraban el agua de las bodegas inferiores del Galapaface&hellip; <a href=\"https:\/\/www.ambienteyenergia.gob.ec\/ambiente\/sin-contratiempo-buque-galapaface-i-fue-retirado-de-punta-carola\/\">Read more &rarr;<\/a><\/p>\n","protected":false},"author":13,"featured_media":21500,"comment_status":"open","ping_status":"open","sticky":false,"template":"","format":"standard","meta":{"footnotes":""},"categories":[16,4],"tags":[],"class_list":["post-21498","post","type-post","status-publish","format-standard","has-post-thumbnail","hentry","category-comunicamos","category-noticias","xfolkentry"],"_links":{"self":[{"href":"https:\/\/www.ambienteyenergia.gob.ec\/ambiente\/wp-json\/wp\/v2\/posts\/21498","targetHints":{"allow":["GET"]}}],"collection":[{"href":"https:\/\/www.ambienteyenergia.gob.ec\/ambiente\/wp-json\/wp\/v2\/posts"}],"about":[{"href":"https:\/\/www.ambienteyenergia.gob.ec\/ambiente\/wp-json\/wp\/v2\/types\/post"}],"author":[{"embeddable":true,"href":"https:\/\/www.ambienteyenergia.gob.ec\/ambiente\/wp-json\/wp\/v2\/users\/13"}],"replies":[{"embeddable":true,"href":"https:\/\/www.ambienteyenergia.gob.ec\/ambiente\/wp-json\/wp\/v2\/comments?post=21498"}],"version-history":[{"count":0,"href":"https:\/\/www.ambienteyenergia.gob.ec\/ambiente\/wp-json\/wp\/v2\/posts\/21498\/revisions"}],"wp:featuredmedia":[{"embeddable":true,"href":"https:\/\/www.ambienteyenergia.gob.ec\/ambiente\/wp-json\/wp\/v2\/media\/21500"}],"wp:attachment":[{"href":"https:\/\/www.ambienteyenergia.gob.ec\/ambiente\/wp-json\/wp\/v2\/media?parent=21498"}],"wp:term":[{"taxonomy":"category","embeddable":true,"href":"https:\/\/www.ambienteyenergia.gob.ec\/ambiente\/wp-json\/wp\/v2\/categories?post=21498"},{"taxonomy":"post_tag","embeddable":true,"href":"https:\/\/www.ambienteyenergia.gob.ec\/ambiente\/wp-json\/wp\/v2\/tags?post=21498"}],"curies":[{"name":"wp","href":"https:\/\/api.w.org\/{rel}","templated":true}]}}