{"id":21482,"date":"2014-07-15T15:46:55","date_gmt":"2014-07-15T20:46:55","guid":{"rendered":"http:\/\/www.ambiente.gob.ec\/?p=21482"},"modified":"2014-07-15T16:07:16","modified_gmt":"2014-07-15T21:07:16","slug":"mae-y-asociaciones-de-pescadores-de-la-reserva-ecologica-manglares-churute-establecen-acuerdos-de-trabajo-2","status":"publish","type":"post","link":"https:\/\/www.ambienteyenergia.gob.ec\/ambiente\/mae-y-asociaciones-de-pescadores-de-la-reserva-ecologica-manglares-churute-establecen-acuerdos-de-trabajo-2\/","title":{"rendered":"MAE y asociaciones de pescadores de la Reserva Ecol\u00f3gica Manglares Churute establecen acuerdos de trabajo"},"content":{"rendered":"<p style=\"text-align: justify;\">El Ministerio del Ambiente (MAE) se reuni\u00f3\u00a0 esta ma\u00f1ana con los Presidentes de las Asociaciones de Pescadores de la Reserva Ecol\u00f3gica Manglares Churute para establecer mecanismos de trabajo mancomunado en diferentes temas como el control y vigilancia, apoyo a la comunidad a trav\u00e9s del ecoturismo y fortalecimiento de capacidades.<\/p>\n<p style=\"text-align: justify;\">En esta jornada de trabajo, se establecieron compromisos para que\u00a0 la comunidad se involucre m\u00e1s en la protecci\u00f3n del ecosistema manglar, creando un plan de acci\u00f3n de trabajo conjunto en el que participar\u00e1n tambi\u00e9n funcionarios de la Subsecretar\u00eda de Gesti\u00f3n Marina Costera y de la Direcci\u00f3n Provincial del Guayas, dando soporte t\u00e9cnico.<\/p>\n<p style=\"text-align: justify;\">Durante el acto oficial, Gabriela Cruz, Presidenta de la Federaci\u00f3n Nacional de Pescadores Artesanales del Ecuador, se comprometi\u00f3 a que las 17 asociaciones que se dedican a esta \u00a0actividad est\u00e9n legalmente regularizadas o establecidas.<\/p>\n<p style=\"text-align: justify;\">Por su parte, el Director Provincial del Ambiente del Guayas, Pablo Segale, propuso realizar una reuni\u00f3n de trabajo conjunto para establecer un plan de acci\u00f3n y trabajar en estrategias en beneficio a la comunidad. Asimismo, se comprometi\u00f3 a implementar el control y la seguridad de la reserva, para lo cual, se emitir\u00e1 una credencial actualizada a todo el gremio de pescadores artesanales autorizados.<\/p>\n<p style=\"text-align: justify;\">La reuni\u00f3n para concretar estos acuerdos se llevar\u00e1 a cabo el 21 de julio del presente a\u00f1o, en las oficinas de la Reserva Ecol\u00f3gica Manglares Churute.<\/p>\n","protected":false},"excerpt":{"rendered":"<p class=\"excerpt\">El Ministerio del Ambiente (MAE) se reuni\u00f3\u00a0 esta ma\u00f1ana con los Presidentes de las Asociaciones de Pescadores de la Reserva Ecol\u00f3gica Manglares Churute para establecer mecanismos de trabajo mancomunado en diferentes temas como el control y vigilancia, apoyo a la comunidad a trav\u00e9s del ecoturismo y fortalecimiento de capacidades. En esta jornada de trabajo, se establecieron compromisos para que\u00a0 la&hellip; <a href=\"https:\/\/www.ambienteyenergia.gob.ec\/ambiente\/mae-y-asociaciones-de-pescadores-de-la-reserva-ecologica-manglares-churute-establecen-acuerdos-de-trabajo-2\/\">Read more &rarr;<\/a><\/p>\n","protected":false},"author":13,"featured_media":21484,"comment_status":"open","ping_status":"open","sticky":false,"template":"","format":"standard","meta":{"footnotes":""},"categories":[16,4],"tags":[],"class_list":["post-21482","post","type-post","status-publish","format-standard","has-post-thumbnail","hentry","category-comunicamos","category-noticias","xfolkentry"],"_links":{"self":[{"href":"https:\/\/www.ambienteyenergia.gob.ec\/ambiente\/wp-json\/wp\/v2\/posts\/21482","targetHints":{"allow":["GET"]}}],"collection":[{"href":"https:\/\/www.ambienteyenergia.gob.ec\/ambiente\/wp-json\/wp\/v2\/posts"}],"about":[{"href":"https:\/\/www.ambienteyenergia.gob.ec\/ambiente\/wp-json\/wp\/v2\/types\/post"}],"author":[{"embeddable":true,"href":"https:\/\/www.ambienteyenergia.gob.ec\/ambiente\/wp-json\/wp\/v2\/users\/13"}],"replies":[{"embeddable":true,"href":"https:\/\/www.ambienteyenergia.gob.ec\/ambiente\/wp-json\/wp\/v2\/comments?post=21482"}],"version-history":[{"count":0,"href":"https:\/\/www.ambienteyenergia.gob.ec\/ambiente\/wp-json\/wp\/v2\/posts\/21482\/revisions"}],"wp:featuredmedia":[{"embeddable":true,"href":"https:\/\/www.ambienteyenergia.gob.ec\/ambiente\/wp-json\/wp\/v2\/media\/21484"}],"wp:attachment":[{"href":"https:\/\/www.ambienteyenergia.gob.ec\/ambiente\/wp-json\/wp\/v2\/media?parent=21482"}],"wp:term":[{"taxonomy":"category","embeddable":true,"href":"https:\/\/www.ambienteyenergia.gob.ec\/ambiente\/wp-json\/wp\/v2\/categories?post=21482"},{"taxonomy":"post_tag","embeddable":true,"href":"https:\/\/www.ambienteyenergia.gob.ec\/ambiente\/wp-json\/wp\/v2\/tags?post=21482"}],"curies":[{"name":"wp","href":"https:\/\/api.w.org\/{rel}","templated":true}]}}