{"id":21479,"date":"2014-07-15T15:01:29","date_gmt":"2014-07-15T20:01:29","guid":{"rendered":"http:\/\/www.ambiente.gob.ec\/?p=21479"},"modified":"2014-07-15T16:32:30","modified_gmt":"2014-07-15T21:32:30","slug":"5-989-vicunas-se-registraron-en-el-censo-poblacional-realizado-en-la-reserva-de-produccion-de-fauna-chimborazo","status":"publish","type":"post","link":"https:\/\/www.ambienteyenergia.gob.ec\/ambiente\/5-989-vicunas-se-registraron-en-el-censo-poblacional-realizado-en-la-reserva-de-produccion-de-fauna-chimborazo\/","title":{"rendered":"5 989 vicu\u00f1as se registraron en el censo poblacional realizado en la Reserva de Producci\u00f3n de Fauna Chimborazo"},"content":{"rendered":"<p style=\"text-align: justify;\">El Ministerio de Ambiente del Ecuador (MAE) culmin\u00f3 el Estudio Poblacional de la Vicu\u00f1a 2014, en el que se registraron un total de 5 989 cam\u00e9lidos andinos, cifra que refleja un incremento positivo, comparado con el n\u00famero del a\u00f1o pasado. El censo, que se ejecuta por quinta vez en el pa\u00eds, se realiz\u00f3 en las provincias de Chimborazo, Bol\u00edvar y Tungurahua.<\/p>\n<p style=\"text-align: justify;\">Para contabilizar a las especies se cont\u00f3 con la participaci\u00f3n de 14 guardaparques, 15 l\u00edderes comunitarios, dos estudiantes universitarios, cuatro t\u00e9cnicos del \u00e1rea protegida y cuatro docentes de la Escuela Superior Polit\u00e9cnica de Chimborazo. El proceso dur\u00f3 cerca de 26 d\u00edas y se lo desarroll\u00f3 dando cumplimiento al Plan de\u00a0 Acci\u00f3n Nacional para la Conservaci\u00f3n\u00a0 y Manejo de la Vicu\u00f1a.<\/p>\n<p style=\"text-align: justify;\">La Vicu\u00f1a es una de las principales especies de conservaci\u00f3n de la Reserva de Producci\u00f3n de Fauna Chimborazo, por esta raz\u00f3n,desde el a\u00f1o 2000 se estudia la tasa de crecimiento poblacional, que en los \u00faltimos a\u00f1os ha crecido notablemente. En el per\u00edodo del 2000 al 2004 el incremento poblacional fue del 39,08%; del 2004 al 2006 fue del 15,10%; del 2006 al 2009 fue del 19,16 %; del 2009 a 2012 fue del 50,89% y del 2012 al 2014 fue del 55,05%. Estas cifras revelan la adaptabilidad de la vicu\u00f1a luego de 26 a\u00f1os de reintroducci\u00f3n en la regi\u00f3n andina del Ecuador.<\/p>\n<p style=\"text-align: justify;\">En la provincia de Tungurahua se registr\u00f3 un total de 2 553 vicu\u00f1as, que representa el 42,6% del total de individuos observados, los sectores d\u00f3nde se concentra su poblaci\u00f3n es en Mechahuasca, Morococha, Pogyios, La Virgen y Cunuc Yacu, entre otros espacios aptos para su supervivencia, como son los p\u00e1ramos andinos (4 000 msnm).<\/p>\n<p style=\"text-align: justify;\">Por otro lado, en las comunidades El Sinche, Tiupungo y Capadia de la provincia de Bol\u00edvar, se identificaron a 1 155 individuos, mientras que en Chimborazo se contabiliz\u00f3 2 281 vicu\u00f1as, ubicadas en los sectores de Chagpogyio, Hatio Cruz, Paramos de San Rafael, Hieleros, Rumipampa y Razucu.<\/p>\n<p style=\"text-align: justify;\">Al culminar la planificaci\u00f3n establecida en las tres provincias,\u00a0se identific\u00f3 un incremento de 1 165 individuos en dos a\u00f1os. Este resultado es una muestra\u00a0del\u00a0esfuerzo que realiza la Autoridad Ambiental por conservar esta especie. Asimismo, gracias al trabajo conjunto y a\u00a0la\u00a0participaci\u00f3n activa de las comunidades ubicadas en la Reserva de Producci\u00f3n de Fauna Chimborazo, se logr\u00f3 recuperar la poblaci\u00f3n de la vicu\u00f1a, protegiendo\u00a0sus territorios.<\/p>\n<p style=\"text-align: justify;\">Los resultados del Estudio Poblacional de la Vicu\u00f1a 2014, con sus respectivos par\u00e1metros ecol\u00f3gicos del h\u00e1bitat, ser\u00e1n presentados en la XXXI Reuni\u00f3n Ordinaria y la XVII Reuni\u00f3n T\u00e9cnica del Convenio de la Vicu\u00f1a a realizarse del 23 al 26 de julio del presente a\u00f1o en La Paz, Bolivia.<\/p>\n","protected":false},"excerpt":{"rendered":"<p class=\"excerpt\">El Ministerio de Ambiente del Ecuador (MAE) culmin\u00f3 el Estudio Poblacional de la Vicu\u00f1a 2014, en el que se registraron un total de 5 989 cam\u00e9lidos andinos, cifra que refleja un incremento positivo, comparado con el n\u00famero del a\u00f1o pasado. El censo, que se ejecuta por quinta vez en el pa\u00eds, se realiz\u00f3 en las provincias de Chimborazo, Bol\u00edvar y&hellip; <a href=\"https:\/\/www.ambienteyenergia.gob.ec\/ambiente\/5-989-vicunas-se-registraron-en-el-censo-poblacional-realizado-en-la-reserva-de-produccion-de-fauna-chimborazo\/\">Read more &rarr;<\/a><\/p>\n","protected":false},"author":13,"featured_media":21480,"comment_status":"open","ping_status":"open","sticky":false,"template":"","format":"standard","meta":{"footnotes":""},"categories":[16,4],"tags":[],"class_list":["post-21479","post","type-post","status-publish","format-standard","has-post-thumbnail","hentry","category-comunicamos","category-noticias","xfolkentry"],"_links":{"self":[{"href":"https:\/\/www.ambienteyenergia.gob.ec\/ambiente\/wp-json\/wp\/v2\/posts\/21479","targetHints":{"allow":["GET"]}}],"collection":[{"href":"https:\/\/www.ambienteyenergia.gob.ec\/ambiente\/wp-json\/wp\/v2\/posts"}],"about":[{"href":"https:\/\/www.ambienteyenergia.gob.ec\/ambiente\/wp-json\/wp\/v2\/types\/post"}],"author":[{"embeddable":true,"href":"https:\/\/www.ambienteyenergia.gob.ec\/ambiente\/wp-json\/wp\/v2\/users\/13"}],"replies":[{"embeddable":true,"href":"https:\/\/www.ambienteyenergia.gob.ec\/ambiente\/wp-json\/wp\/v2\/comments?post=21479"}],"version-history":[{"count":0,"href":"https:\/\/www.ambienteyenergia.gob.ec\/ambiente\/wp-json\/wp\/v2\/posts\/21479\/revisions"}],"wp:featuredmedia":[{"embeddable":true,"href":"https:\/\/www.ambienteyenergia.gob.ec\/ambiente\/wp-json\/wp\/v2\/media\/21480"}],"wp:attachment":[{"href":"https:\/\/www.ambienteyenergia.gob.ec\/ambiente\/wp-json\/wp\/v2\/media?parent=21479"}],"wp:term":[{"taxonomy":"category","embeddable":true,"href":"https:\/\/www.ambienteyenergia.gob.ec\/ambiente\/wp-json\/wp\/v2\/categories?post=21479"},{"taxonomy":"post_tag","embeddable":true,"href":"https:\/\/www.ambienteyenergia.gob.ec\/ambiente\/wp-json\/wp\/v2\/tags?post=21479"}],"curies":[{"name":"wp","href":"https:\/\/api.w.org\/{rel}","templated":true}]}}