{"id":21476,"date":"2014-07-15T13:26:58","date_gmt":"2014-07-15T18:26:58","guid":{"rendered":"http:\/\/www.ambiente.gob.ec\/?p=21476"},"modified":"2014-07-15T19:33:22","modified_gmt":"2014-07-16T00:33:22","slug":"areas-protegidas-y-cambio-climatico-se-analizaron-en-un-taller-regional","status":"publish","type":"post","link":"https:\/\/www.ambienteyenergia.gob.ec\/ambiente\/areas-protegidas-y-cambio-climatico-se-analizaron-en-un-taller-regional\/","title":{"rendered":"\u00c1reas protegidas y cambio clim\u00e1tico se analizaron en un taller regional"},"content":{"rendered":"<p style=\"text-align: justify;\">Funcionarios de la Subsecretar\u00eda de Cambio Clim\u00e1tico del Ministerio del Ambiente (MAE), directores y t\u00e9cnicos de los sistemas de \u00e1reas protegidas de Colombia, Ecuador y Per\u00fa participaron en el Taller T\u00e9cnico Regional \u201cConstruyendo resiliencia en el bioma amaz\u00f3nico: \u00c1reas protegidas como parte integral de la adaptaci\u00f3n al cambio clim\u00e1tico\u201d, resultado del\u00a0 progreso en la implementaci\u00f3n del plan de trabajo de \u00e1reas protegidas a nivel regional y de una resoluci\u00f3n aprobada en la Conferencia de las Partes del CBD de Nagoya (2010).<\/p>\n<p style=\"text-align: justify;\">En el taller liderado por Redparques, que cont\u00f3 con el apoyo del Fondo Mundial para la Naturaleza (WWF, por sus siglas en ingl\u00e9s), la Uni\u00f3n Internacional para la Conservaci\u00f3n de la Naturaleza (UICN) y la Secretar\u00eda del Convenio de Diversidad Biol\u00f3gica (CDB), se dio a conocer m\u00e1s sobre este proyecto que financia el gobierno alem\u00e1n.<\/p>\n<p style=\"text-align: justify;\">Esta iniciativa busca que los sistemas de las \u00e1reas protegidas del bioma amaz\u00f3nico formen parte integral de las estrategias de cambio clim\u00e1tico y se reconozcan a nivel nacional, subnacional e internacional, por la provisi\u00f3n de servicios ecosist\u00e9micos. Asimismo, se fomenta la importancia de estos recursos y la contribuci\u00f3n de los mismos en mejorar la capacidad de adaptaci\u00f3n en comunidades locales.<\/p>\n<p style=\"text-align: justify;\">En ese sentido, Ecuador, Per\u00fa, Bolivia y Colombia plantean los primeros lineamientos para establecer una metodolog\u00eda que permita definir la vulnerabilidad del bioma amaz\u00f3nico.<\/p>\n<p>Durante el desarrollo del taller, los asistentes pudieron intercambiar experiencias de pr\u00e1cticas, herramientas y metodolog\u00edas que se aplican en cada uno de los pa\u00edses participantes, adem\u00e1s pudieron conocer que el Proyecto Iniciativa Trinacional (IT) de la Cooperaci\u00f3n T\u00e9cnica Alemana (GIZ, por sus siglas en alem\u00e1n) est\u00e1 sistematizando estudios y metodolog\u00edas de an\u00e1lisis de vulnerabilidad frente al cambio clim\u00e1tico para construir una plataforma de informaci\u00f3n regional entre Ecuador, Colombia y Per\u00fa.<\/p>\n<p style=\"text-align: justify;\">El MAE comparti\u00f3 con los asistentes la gesti\u00f3n del Proyecto Regional Andino de Adaptaci\u00f3n al impacto del retroceso acelerado de glaciares en los andes tropicales (PRAA) en la Reserva del Antisana, proyecto que aplic\u00f3 una metodolog\u00eda cualitativa para medir vulnerabilidad en esa zona, partiendo de una l\u00ednea base de adaptaci\u00f3n seguida de una evaluaci\u00f3n de los escenarios de cambio clim\u00e1tico. Adicionalmente, se desarroll\u00f3 un plan de manejo adaptativo que gener\u00f3 un plan de sostenibilidad.<\/p>\n","protected":false},"excerpt":{"rendered":"<p class=\"excerpt\">Funcionarios de la Subsecretar\u00eda de Cambio Clim\u00e1tico del Ministerio del Ambiente (MAE), directores y t\u00e9cnicos de los sistemas de \u00e1reas protegidas de Colombia, Ecuador y Per\u00fa participaron en el Taller T\u00e9cnico Regional \u201cConstruyendo resiliencia en el bioma amaz\u00f3nico: \u00c1reas protegidas como parte integral de la adaptaci\u00f3n al cambio clim\u00e1tico\u201d, resultado del\u00a0 progreso en la implementaci\u00f3n del plan de trabajo de&hellip; <a href=\"https:\/\/www.ambienteyenergia.gob.ec\/ambiente\/areas-protegidas-y-cambio-climatico-se-analizaron-en-un-taller-regional\/\">Read more &rarr;<\/a><\/p>\n","protected":false},"author":13,"featured_media":21477,"comment_status":"open","ping_status":"open","sticky":false,"template":"","format":"standard","meta":{"footnotes":""},"categories":[16,4],"tags":[],"class_list":["post-21476","post","type-post","status-publish","format-standard","has-post-thumbnail","hentry","category-comunicamos","category-noticias","xfolkentry"],"_links":{"self":[{"href":"https:\/\/www.ambienteyenergia.gob.ec\/ambiente\/wp-json\/wp\/v2\/posts\/21476","targetHints":{"allow":["GET"]}}],"collection":[{"href":"https:\/\/www.ambienteyenergia.gob.ec\/ambiente\/wp-json\/wp\/v2\/posts"}],"about":[{"href":"https:\/\/www.ambienteyenergia.gob.ec\/ambiente\/wp-json\/wp\/v2\/types\/post"}],"author":[{"embeddable":true,"href":"https:\/\/www.ambienteyenergia.gob.ec\/ambiente\/wp-json\/wp\/v2\/users\/13"}],"replies":[{"embeddable":true,"href":"https:\/\/www.ambienteyenergia.gob.ec\/ambiente\/wp-json\/wp\/v2\/comments?post=21476"}],"version-history":[{"count":0,"href":"https:\/\/www.ambienteyenergia.gob.ec\/ambiente\/wp-json\/wp\/v2\/posts\/21476\/revisions"}],"wp:featuredmedia":[{"embeddable":true,"href":"https:\/\/www.ambienteyenergia.gob.ec\/ambiente\/wp-json\/wp\/v2\/media\/21477"}],"wp:attachment":[{"href":"https:\/\/www.ambienteyenergia.gob.ec\/ambiente\/wp-json\/wp\/v2\/media?parent=21476"}],"wp:term":[{"taxonomy":"category","embeddable":true,"href":"https:\/\/www.ambienteyenergia.gob.ec\/ambiente\/wp-json\/wp\/v2\/categories?post=21476"},{"taxonomy":"post_tag","embeddable":true,"href":"https:\/\/www.ambienteyenergia.gob.ec\/ambiente\/wp-json\/wp\/v2\/tags?post=21476"}],"curies":[{"name":"wp","href":"https:\/\/api.w.org\/{rel}","templated":true}]}}